{"id":24318,"date":"2025-03-20T10:21:03","date_gmt":"2025-03-20T09:21:03","guid":{"rendered":"https:\/\/www.la16.fr\/fr\/?p=24318"},"modified":"2025-03-20T10:21:03","modified_gmt":"2025-03-20T09:21:03","slug":"crise-medicale-a-gaza-les-hopitaux-au-bord-de-leffondrement","status":"publish","type":"post","link":"https:\/\/www.la16.fr\/fr\/crise-medicale-a-gaza-les-hopitaux-au-bord-de-leffondrement\/","title":{"rendered":"Crise m\u00e9dicale \u00e0 Gaza : les h\u00f4pitaux au bord de l&rsquo;effondrement"},"content":{"rendered":"<div id=\"modal-ready\"><p><img decoding=\"async\" class=\"size-medium wp-image-24319 alignleft\" src=\"https:\/\/www.la16.fr\/fr\/wp-content\/uploads\/2025\/03\/Crise-medicale-a-Gaza-les-hopitaux-au-bord-de-leffondrement-400x225.webp\" alt=\"\" width=\"400\" height=\"225\" srcset=\"https:\/\/www.la16.fr\/fr\/wp-content\/uploads\/2025\/03\/Crise-medicale-a-Gaza-les-hopitaux-au-bord-de-leffondrement-400x225.webp 400w, https:\/\/www.la16.fr\/fr\/wp-content\/uploads\/2025\/03\/Crise-medicale-a-Gaza-les-hopitaux-au-bord-de-leffondrement-1200x675.webp 1200w, https:\/\/www.la16.fr\/fr\/wp-content\/uploads\/2025\/03\/Crise-medicale-a-Gaza-les-hopitaux-au-bord-de-leffondrement-768x432.webp 768w, https:\/\/www.la16.fr\/fr\/wp-content\/uploads\/2025\/03\/Crise-medicale-a-Gaza-les-hopitaux-au-bord-de-leffondrement.webp 1440w\" sizes=\"(max-width: 400px) 100vw, 400px\" \/>Le 18 mars 2025, Isra\u00ebl a repris ses frappes a\u00e9riennes sur la bande de Gaza, mettant fin \u00e0 un cessez-le-feu de deux mois. Ces attaques ont provoqu\u00e9 la mort de plus de 400 Palestiniens, principalement des femmes et des enfants, selon les services de sant\u00e9 locaux.<\/p>\n<p>Ces attaques mettent sous pression un syst\u00e8me de sant\u00e9 d\u00e9j\u00e0 \u00e0 bout. Apr\u00e8s deux mois de r\u00e9pit relatifs, le personnel soignant fait face \u00e0 un afflux massif de bless\u00e9s et \u00e0 des conditions de travail extr\u00eames. Sur le journal Franceinfo, selon Christian Cardon, porte-parole du Comit\u00e9 international de la Croix-Rouge (CICR), \u00ab la mort, la panique et l\u2019urgence sont de retour \u00bb. Il ajoute que . Il ajoute que \u00ab la situation a bascul\u00e9 en quelques heures \u00bb, for\u00e7ant les \u00e9quipes m\u00e9dicales \u00e0 r\u00e9adapter en urgence leurs priorit\u00e9s.<\/p>\n<h2>Des h\u00f4pitaux satur\u00e9s et un personnel \u00e0 bout de forces<\/h2>\n<p>Dans les h\u00f4pitaux de Gaza, notamment \u00e0 Rafah o\u00f9 le CICR est pr\u00e9sent, le personnel soignant op\u00e8re sans rel\u00e2che. L\u2019absence de rotation des m\u00e9decins, chirurgiens et infirmiers pousse ces derniers \u00e0 travailler jour et nuit, compromettant leur propre sant\u00e9 physique et mentale. \u00abEn moins de 48 heures, on fait face \u00e0 une situation extr\u00eamement compliqu\u00e9e, notamment en termes de staff m\u00e9dical\u00bb, explique Cardon.<br \/>\nL\u2019incapacit\u00e9 \u00e0 organiser des relais met en p\u00e9ril la capacit\u00e9 de r\u00e9ponse aux urgences. La surcharge des urgences ne permet plus d&rsquo;assurer correctement les soins aux nombreux bless\u00e9s. En quelques jours, les \u00e9quipes ont d\u00fb r\u00e9orienter leurs efforts, passant d\u2019un suivi post-op\u00e9ratoire \u00e0 la gestion d\u2019un nombre grandissant de cas critiques.<\/p>\n<h2>Une p\u00e9nurie de mat\u00e9riel et de m\u00e9dicaments alarmante<\/h2>\n<p>\u00abUn autre probl\u00e8me va se poser tr\u00e8s tr\u00e8s rapidement : c&rsquo;est celui du mat\u00e9riel m\u00e9dical, des m\u00e9dicaments\u00bb, avertit Cardon. L\u2019acc\u00e8s aux m\u00e9dicaments et au mat\u00e9riel m\u00e9dical devient une question de survie. Depuis plus de 17 jours, l\u2019aide humanitaire n\u2019entre plus dans l\u2019enclave palestinienne. La Croix-Rouge et d\u2019autres ONG alertent sur l\u2019\u00e9puisement des stocks de produits anesth\u00e9siques, d\u2019antibiotiques et de kits de chirurgie.<\/p>\n<p>Avec l\u2019intensification des bombardements, les stocks disponibles pourraient \u00eatre \u00e9puis\u00e9s en quelques jours, mettant en danger des milliers de vies. Les chirurgiens sont contraints de r\u00e9aliser des interventions complexes dans des conditions pr\u00e9caires, parfois sans les ressources de base n\u00e9cessaires. \u00abNous avons d\u00fb amputer des patients sous anesth\u00e9sie minimale\u00bb, confie un m\u00e9decin de l\u2019h\u00f4pital de Rafah, sous couvert d\u2019anonymat.<\/p>\n<h2>L\u2019\u00e9nergie, un autre d\u00e9fi<\/h2>\n<p>L\u2019\u00e9lectricit\u00e9 est une ressource rare dans la bande de Gaza, et la crise actuelle exacerbe cette probl\u00e9matique. Les h\u00f4pitaux d\u00e9pendent enti\u00e8rement des g\u00e9n\u00e9rateurs pour faire fonctionner les \u00e9quipements vitaux, mais ces derniers reposent sur des r\u00e9serves de carburant qui s\u2019amenuisent dangereusement. \u00abLes h\u00f4pitaux ne sont pas \u00e9pargn\u00e9s, tant bien que mal certains tentent de fonctionner sous g\u00e9n\u00e9rateur, mais ils d\u00e9pendent de l\u2019essence\u00bb, explique Cardon.<\/p>\n<p>Sans approvisionnement ext\u00e9rieur, les r\u00e9serves actuelles ne permettront pas aux infrastructures hospitali\u00e8res de tenir longtemps. Les coupures d\u2019\u00e9lectricit\u00e9 impactent directement les soins, mettant en danger les patients en r\u00e9animation, les nourrissons en couveuse et les personnes sous assistance respiratoire.<\/p>\n<h2>L\u2019acc\u00e8s aux soins compromis par l\u2019ins\u00e9curit\u00e9<\/h2>\n<p>\u00abL\u2019autre \u00e9norme souci auquel font face les \u00e9quipes, c\u2019est l\u2019ins\u00e9curit\u00e9, la possibilit\u00e9 de pouvoir se d\u00e9placer au sein de la bande de Gaza\u00bb, pr\u00e9cise le porte-parole du CICR. Malgr\u00e9 leurs efforts pour maintenir un dialogue avec les parties au conflit, les humanitaires op\u00e8rent dans des conditions de plus en plus dangereuses. La communaut\u00e9 internationale s&rsquo;inqui\u00e8te de cette situation, mais les perspectives d\u2019une am\u00e9lioration rapide restent faibles. \u00abOn est rentr\u00e9s \u00e0 nouveau dans une p\u00e9riode extr\u00eamement d\u00e9licate \u00e0 Gaza\u00bb, souligne Cardon. \u00abJusqu\u2019\u00e0 maintenant, on a pu soigner les bless\u00e9s qui sont arriv\u00e9s, mais la grande question c\u2019est : jusqu\u2019\u00e0 quand ?\u00bb<\/p>\n<\/div>","protected":false},"excerpt":{"rendered":"<p>Le 18 mars 2025, Isra\u00ebl a repris ses frappes a\u00e9riennes sur la bande de Gaza, mettant fin \u00e0 un cessez-le-feu de deux mois. Ces attaques ont provoqu\u00e9 la mort de plus de 400 Palestiniens, principalement des femmes et des enfants, selon les services de sant\u00e9 locaux. Ces attaques mettent sous ...<\/p>\n","protected":false},"author":9,"featured_media":24319,"comment_status":"closed","ping_status":"closed","sticky":false,"template":"","format":"standard","meta":{"footnotes":""},"categories":[154],"tags":[],"class_list":["post-24318","post","type-post","status-publish","format-standard","has-post-thumbnail","hentry","category-actu"],"yoast_head":"<!-- This site is optimized with the Yoast SEO plugin v27.5 - https:\/\/yoast.com\/product\/yoast-seo-wordpress\/ -->\n<title>Crise m\u00e9dicale \u00e0 Gaza : les h\u00f4pitaux au bord de l&#039;effondrement | LA16.fr en Charente<\/title>\n<meta name=\"robots\" content=\"index, follow, max-snippet:-1, max-image-preview:large, max-video-preview:-1\" \/>\n<link rel=\"canonical\" href=\"https:\/\/www.la16.fr\/fr\/crise-medicale-a-gaza-les-hopitaux-au-bord-de-leffondrement\/\" \/>\n<meta property=\"og:locale\" content=\"fr_FR\" \/>\n<meta property=\"og:type\" content=\"article\" \/>\n<meta property=\"og:title\" content=\"Crise m\u00e9dicale \u00e0 Gaza : les h\u00f4pitaux au bord de l&#039;effondrement | LA16.fr en Charente\" \/>\n<meta property=\"og:description\" content=\"Le 18 mars 2025, Isra\u00ebl a repris ses frappes a\u00e9riennes sur la bande de Gaza, mettant fin \u00e0 un cessez-le-feu de deux mois. Ces attaques ont provoqu\u00e9 la mort de plus de 400 Palestiniens, principalement des femmes et des enfants, selon les services de sant\u00e9 locaux. Ces attaques mettent sous [...]\" \/>\n<meta property=\"og:url\" content=\"https:\/\/www.la16.fr\/fr\/crise-medicale-a-gaza-les-hopitaux-au-bord-de-leffondrement\/\" \/>\n<meta property=\"og:site_name\" content=\"LA16.fr en Charente\" \/>\n<meta property=\"article:publisher\" content=\"https:\/\/www.facebook.com\/LA16fr\" \/>\n<meta property=\"article:published_time\" content=\"2025-03-20T09:21:03+00:00\" \/>\n<meta property=\"og:image\" content=\"https:\/\/www.la16.fr\/fr\/wp-content\/uploads\/2025\/03\/Crise-medicale-a-Gaza-les-hopitaux-au-bord-de-leffondrement.webp\" \/>\n\t<meta property=\"og:image:width\" content=\"1440\" \/>\n\t<meta property=\"og:image:height\" content=\"810\" \/>\n\t<meta property=\"og:image:type\" content=\"image\/webp\" \/>\n<meta name=\"author\" content=\"Th\u00e9mis Linet\" \/>\n<meta name=\"twitter:card\" content=\"summary_large_image\" \/>\n<meta name=\"twitter:creator\" content=\"@La16Fr\" \/>\n<meta name=\"twitter:site\" content=\"@La16Fr\" \/>\n<meta name=\"twitter:label1\" content=\"\u00c9crit par\" \/>\n\t<meta name=\"twitter:data1\" content=\"Th\u00e9mis Linet\" \/>\n\t<meta name=\"twitter:label2\" content=\"Dur\u00e9e de lecture estim\u00e9e\" \/>\n\t<meta name=\"twitter:data2\" content=\"3 minutes\" \/>\n<script type=\"application\/ld+json\" class=\"yoast-schema-graph\">{\"@context\":\"https:\\\/\\\/schema.org\",\"@graph\":[{\"@type\":\"Article\",\"@id\":\"https:\\\/\\\/www.la16.fr\\\/fr\\\/crise-medicale-a-gaza-les-hopitaux-au-bord-de-leffondrement\\\/#article\",\"isPartOf\":{\"@id\":\"https:\\\/\\\/www.la16.fr\\\/fr\\\/crise-medicale-a-gaza-les-hopitaux-au-bord-de-leffondrement\\\/\"},\"author\":{\"name\":\"Th\u00e9mis Linet\",\"@id\":\"https:\\\/\\\/www.la16.fr\\\/fr\\\/#\\\/schema\\\/person\\\/90760501b2f870af521092e33e4ce032\"},\"headline\":\"Crise m\u00e9dicale \u00e0 Gaza : les h\u00f4pitaux au bord de l&rsquo;effondrement\",\"datePublished\":\"2025-03-20T09:21:03+00:00\",\"mainEntityOfPage\":{\"@id\":\"https:\\\/\\\/www.la16.fr\\\/fr\\\/crise-medicale-a-gaza-les-hopitaux-au-bord-de-leffondrement\\\/\"},\"wordCount\":695,\"publisher\":{\"@id\":\"https:\\\/\\\/www.la16.fr\\\/fr\\\/#organization\"},\"image\":{\"@id\":\"https:\\\/\\\/www.la16.fr\\\/fr\\\/crise-medicale-a-gaza-les-hopitaux-au-bord-de-leffondrement\\\/#primaryimage\"},\"thumbnailUrl\":\"https:\\\/\\\/www.la16.fr\\\/fr\\\/wp-content\\\/uploads\\\/2025\\\/03\\\/Crise-medicale-a-Gaza-les-hopitaux-au-bord-de-leffondrement.webp\",\"articleSection\":[\"Actu\"],\"inLanguage\":\"fr-FR\"},{\"@type\":\"WebPage\",\"@id\":\"https:\\\/\\\/www.la16.fr\\\/fr\\\/crise-medicale-a-gaza-les-hopitaux-au-bord-de-leffondrement\\\/\",\"url\":\"https:\\\/\\\/www.la16.fr\\\/fr\\\/crise-medicale-a-gaza-les-hopitaux-au-bord-de-leffondrement\\\/\",\"name\":\"Crise m\u00e9dicale \u00e0 Gaza : les h\u00f4pitaux au bord de l'effondrement | LA16.fr en Charente\",\"isPartOf\":{\"@id\":\"https:\\\/\\\/www.la16.fr\\\/fr\\\/#website\"},\"primaryImageOfPage\":{\"@id\":\"https:\\\/\\\/www.la16.fr\\\/fr\\\/crise-medicale-a-gaza-les-hopitaux-au-bord-de-leffondrement\\\/#primaryimage\"},\"image\":{\"@id\":\"https:\\\/\\\/www.la16.fr\\\/fr\\\/crise-medicale-a-gaza-les-hopitaux-au-bord-de-leffondrement\\\/#primaryimage\"},\"thumbnailUrl\":\"https:\\\/\\\/www.la16.fr\\\/fr\\\/wp-content\\\/uploads\\\/2025\\\/03\\\/Crise-medicale-a-Gaza-les-hopitaux-au-bord-de-leffondrement.webp\",\"datePublished\":\"2025-03-20T09:21:03+00:00\",\"breadcrumb\":{\"@id\":\"https:\\\/\\\/www.la16.fr\\\/fr\\\/crise-medicale-a-gaza-les-hopitaux-au-bord-de-leffondrement\\\/#breadcrumb\"},\"inLanguage\":\"fr-FR\",\"potentialAction\":[{\"@type\":\"ReadAction\",\"target\":[\"https:\\\/\\\/www.la16.fr\\\/fr\\\/crise-medicale-a-gaza-les-hopitaux-au-bord-de-leffondrement\\\/\"]}]},{\"@type\":\"ImageObject\",\"inLanguage\":\"fr-FR\",\"@id\":\"https:\\\/\\\/www.la16.fr\\\/fr\\\/crise-medicale-a-gaza-les-hopitaux-au-bord-de-leffondrement\\\/#primaryimage\",\"url\":\"https:\\\/\\\/www.la16.fr\\\/fr\\\/wp-content\\\/uploads\\\/2025\\\/03\\\/Crise-medicale-a-Gaza-les-hopitaux-au-bord-de-leffondrement.webp\",\"contentUrl\":\"https:\\\/\\\/www.la16.fr\\\/fr\\\/wp-content\\\/uploads\\\/2025\\\/03\\\/Crise-medicale-a-Gaza-les-hopitaux-au-bord-de-leffondrement.webp\",\"width\":1440,\"height\":810},{\"@type\":\"BreadcrumbList\",\"@id\":\"https:\\\/\\\/www.la16.fr\\\/fr\\\/crise-medicale-a-gaza-les-hopitaux-au-bord-de-leffondrement\\\/#breadcrumb\",\"itemListElement\":[{\"@type\":\"ListItem\",\"position\":1,\"name\":\"Accueil\",\"item\":\"https:\\\/\\\/www.la16.fr\\\/fr\\\/\"},{\"@type\":\"ListItem\",\"position\":2,\"name\":\"Crise m\u00e9dicale \u00e0 Gaza : les h\u00f4pitaux au bord de l&rsquo;effondrement\"}]},{\"@type\":\"WebSite\",\"@id\":\"https:\\\/\\\/www.la16.fr\\\/fr\\\/#website\",\"url\":\"https:\\\/\\\/www.la16.fr\\\/fr\\\/\",\"name\":\"LA16.fr en Charente\",\"description\":\"\",\"publisher\":{\"@id\":\"https:\\\/\\\/www.la16.fr\\\/fr\\\/#organization\"},\"potentialAction\":[{\"@type\":\"SearchAction\",\"target\":{\"@type\":\"EntryPoint\",\"urlTemplate\":\"https:\\\/\\\/www.la16.fr\\\/fr\\\/?s={search_term_string}\"},\"query-input\":{\"@type\":\"PropertyValueSpecification\",\"valueRequired\":true,\"valueName\":\"search_term_string\"}}],\"inLanguage\":\"fr-FR\"},{\"@type\":\"Organization\",\"@id\":\"https:\\\/\\\/www.la16.fr\\\/fr\\\/#organization\",\"name\":\"LA16\",\"url\":\"https:\\\/\\\/www.la16.fr\\\/fr\\\/\",\"logo\":{\"@type\":\"ImageObject\",\"inLanguage\":\"fr-FR\",\"@id\":\"https:\\\/\\\/www.la16.fr\\\/fr\\\/#\\\/schema\\\/logo\\\/image\\\/\",\"url\":\"https:\\\/\\\/www.la16.fr\\\/fr\\\/wp-content\\\/uploads\\\/2021\\\/08\\\/logo-2019-vectoriel-ok.png\",\"contentUrl\":\"https:\\\/\\\/www.la16.fr\\\/fr\\\/wp-content\\\/uploads\\\/2021\\\/08\\\/logo-2019-vectoriel-ok.png\",\"width\":500,\"height\":500,\"caption\":\"LA16\"},\"image\":{\"@id\":\"https:\\\/\\\/www.la16.fr\\\/fr\\\/#\\\/schema\\\/logo\\\/image\\\/\"},\"sameAs\":[\"https:\\\/\\\/www.facebook.com\\\/LA16fr\",\"https:\\\/\\\/x.com\\\/La16Fr\",\"https:\\\/\\\/www.instagram.com\\\/la16fr\\\/\",\"https:\\\/\\\/www.youtube.com\\\/channel\\\/UCdWiToB8k03CX56jPTUr07A\"]},{\"@type\":\"Person\",\"@id\":\"https:\\\/\\\/www.la16.fr\\\/fr\\\/#\\\/schema\\\/person\\\/90760501b2f870af521092e33e4ce032\",\"name\":\"Th\u00e9mis Linet\",\"image\":{\"@type\":\"ImageObject\",\"inLanguage\":\"fr-FR\",\"@id\":\"https:\\\/\\\/secure.gravatar.com\\\/avatar\\\/9767aacc5c765bfd4b9e097f84eefb4833c03aa2c0436894a88ce7bb20160c6e?s=96&d=blank&r=g\",\"url\":\"https:\\\/\\\/secure.gravatar.com\\\/avatar\\\/9767aacc5c765bfd4b9e097f84eefb4833c03aa2c0436894a88ce7bb20160c6e?s=96&d=blank&r=g\",\"contentUrl\":\"https:\\\/\\\/secure.gravatar.com\\\/avatar\\\/9767aacc5c765bfd4b9e097f84eefb4833c03aa2c0436894a88ce7bb20160c6e?s=96&d=blank&r=g\",\"caption\":\"Th\u00e9mis Linet\"},\"url\":\"https:\\\/\\\/www.la16.fr\\\/fr\\\/author\\\/themis\\\/\"}]}<\/script>\n<!-- \/ Yoast SEO plugin. -->","yoast_head_json":{"title":"Crise m\u00e9dicale \u00e0 Gaza : les h\u00f4pitaux au bord de l'effondrement | LA16.fr en Charente","robots":{"index":"index","follow":"follow","max-snippet":"max-snippet:-1","max-image-preview":"max-image-preview:large","max-video-preview":"max-video-preview:-1"},"canonical":"https:\/\/www.la16.fr\/fr\/crise-medicale-a-gaza-les-hopitaux-au-bord-de-leffondrement\/","og_locale":"fr_FR","og_type":"article","og_title":"Crise m\u00e9dicale \u00e0 Gaza : les h\u00f4pitaux au bord de l'effondrement | LA16.fr en Charente","og_description":"Le 18 mars 2025, Isra\u00ebl a repris ses frappes a\u00e9riennes sur la bande de Gaza, mettant fin \u00e0 un cessez-le-feu de deux mois. Ces attaques ont provoqu\u00e9 la mort de plus de 400 Palestiniens, principalement des femmes et des enfants, selon les services de sant\u00e9 locaux. Ces attaques mettent sous [...]","og_url":"https:\/\/www.la16.fr\/fr\/crise-medicale-a-gaza-les-hopitaux-au-bord-de-leffondrement\/","og_site_name":"LA16.fr en Charente","article_publisher":"https:\/\/www.facebook.com\/LA16fr","article_published_time":"2025-03-20T09:21:03+00:00","og_image":[{"width":1440,"height":810,"url":"https:\/\/www.la16.fr\/fr\/wp-content\/uploads\/2025\/03\/Crise-medicale-a-Gaza-les-hopitaux-au-bord-de-leffondrement.webp","type":"image\/webp"}],"author":"Th\u00e9mis Linet","twitter_card":"summary_large_image","twitter_creator":"@La16Fr","twitter_site":"@La16Fr","twitter_misc":{"\u00c9crit par":"Th\u00e9mis Linet","Dur\u00e9e de lecture estim\u00e9e":"3 minutes"},"schema":{"@context":"https:\/\/schema.org","@graph":[{"@type":"Article","@id":"https:\/\/www.la16.fr\/fr\/crise-medicale-a-gaza-les-hopitaux-au-bord-de-leffondrement\/#article","isPartOf":{"@id":"https:\/\/www.la16.fr\/fr\/crise-medicale-a-gaza-les-hopitaux-au-bord-de-leffondrement\/"},"author":{"name":"Th\u00e9mis Linet","@id":"https:\/\/www.la16.fr\/fr\/#\/schema\/person\/90760501b2f870af521092e33e4ce032"},"headline":"Crise m\u00e9dicale \u00e0 Gaza : les h\u00f4pitaux au bord de l&rsquo;effondrement","datePublished":"2025-03-20T09:21:03+00:00","mainEntityOfPage":{"@id":"https:\/\/www.la16.fr\/fr\/crise-medicale-a-gaza-les-hopitaux-au-bord-de-leffondrement\/"},"wordCount":695,"publisher":{"@id":"https:\/\/www.la16.fr\/fr\/#organization"},"image":{"@id":"https:\/\/www.la16.fr\/fr\/crise-medicale-a-gaza-les-hopitaux-au-bord-de-leffondrement\/#primaryimage"},"thumbnailUrl":"https:\/\/www.la16.fr\/fr\/wp-content\/uploads\/2025\/03\/Crise-medicale-a-Gaza-les-hopitaux-au-bord-de-leffondrement.webp","articleSection":["Actu"],"inLanguage":"fr-FR"},{"@type":"WebPage","@id":"https:\/\/www.la16.fr\/fr\/crise-medicale-a-gaza-les-hopitaux-au-bord-de-leffondrement\/","url":"https:\/\/www.la16.fr\/fr\/crise-medicale-a-gaza-les-hopitaux-au-bord-de-leffondrement\/","name":"Crise m\u00e9dicale \u00e0 Gaza : les h\u00f4pitaux au bord de l'effondrement | LA16.fr en Charente","isPartOf":{"@id":"https:\/\/www.la16.fr\/fr\/#website"},"primaryImageOfPage":{"@id":"https:\/\/www.la16.fr\/fr\/crise-medicale-a-gaza-les-hopitaux-au-bord-de-leffondrement\/#primaryimage"},"image":{"@id":"https:\/\/www.la16.fr\/fr\/crise-medicale-a-gaza-les-hopitaux-au-bord-de-leffondrement\/#primaryimage"},"thumbnailUrl":"https:\/\/www.la16.fr\/fr\/wp-content\/uploads\/2025\/03\/Crise-medicale-a-Gaza-les-hopitaux-au-bord-de-leffondrement.webp","datePublished":"2025-03-20T09:21:03+00:00","breadcrumb":{"@id":"https:\/\/www.la16.fr\/fr\/crise-medicale-a-gaza-les-hopitaux-au-bord-de-leffondrement\/#breadcrumb"},"inLanguage":"fr-FR","potentialAction":[{"@type":"ReadAction","target":["https:\/\/www.la16.fr\/fr\/crise-medicale-a-gaza-les-hopitaux-au-bord-de-leffondrement\/"]}]},{"@type":"ImageObject","inLanguage":"fr-FR","@id":"https:\/\/www.la16.fr\/fr\/crise-medicale-a-gaza-les-hopitaux-au-bord-de-leffondrement\/#primaryimage","url":"https:\/\/www.la16.fr\/fr\/wp-content\/uploads\/2025\/03\/Crise-medicale-a-Gaza-les-hopitaux-au-bord-de-leffondrement.webp","contentUrl":"https:\/\/www.la16.fr\/fr\/wp-content\/uploads\/2025\/03\/Crise-medicale-a-Gaza-les-hopitaux-au-bord-de-leffondrement.webp","width":1440,"height":810},{"@type":"BreadcrumbList","@id":"https:\/\/www.la16.fr\/fr\/crise-medicale-a-gaza-les-hopitaux-au-bord-de-leffondrement\/#breadcrumb","itemListElement":[{"@type":"ListItem","position":1,"name":"Accueil","item":"https:\/\/www.la16.fr\/fr\/"},{"@type":"ListItem","position":2,"name":"Crise m\u00e9dicale \u00e0 Gaza : les h\u00f4pitaux au bord de l&rsquo;effondrement"}]},{"@type":"WebSite","@id":"https:\/\/www.la16.fr\/fr\/#website","url":"https:\/\/www.la16.fr\/fr\/","name":"LA16.fr en Charente","description":"","publisher":{"@id":"https:\/\/www.la16.fr\/fr\/#organization"},"potentialAction":[{"@type":"SearchAction","target":{"@type":"EntryPoint","urlTemplate":"https:\/\/www.la16.fr\/fr\/?s={search_term_string}"},"query-input":{"@type":"PropertyValueSpecification","valueRequired":true,"valueName":"search_term_string"}}],"inLanguage":"fr-FR"},{"@type":"Organization","@id":"https:\/\/www.la16.fr\/fr\/#organization","name":"LA16","url":"https:\/\/www.la16.fr\/fr\/","logo":{"@type":"ImageObject","inLanguage":"fr-FR","@id":"https:\/\/www.la16.fr\/fr\/#\/schema\/logo\/image\/","url":"https:\/\/www.la16.fr\/fr\/wp-content\/uploads\/2021\/08\/logo-2019-vectoriel-ok.png","contentUrl":"https:\/\/www.la16.fr\/fr\/wp-content\/uploads\/2021\/08\/logo-2019-vectoriel-ok.png","width":500,"height":500,"caption":"LA16"},"image":{"@id":"https:\/\/www.la16.fr\/fr\/#\/schema\/logo\/image\/"},"sameAs":["https:\/\/www.facebook.com\/LA16fr","https:\/\/x.com\/La16Fr","https:\/\/www.instagram.com\/la16fr\/","https:\/\/www.youtube.com\/channel\/UCdWiToB8k03CX56jPTUr07A"]},{"@type":"Person","@id":"https:\/\/www.la16.fr\/fr\/#\/schema\/person\/90760501b2f870af521092e33e4ce032","name":"Th\u00e9mis Linet","image":{"@type":"ImageObject","inLanguage":"fr-FR","@id":"https:\/\/secure.gravatar.com\/avatar\/9767aacc5c765bfd4b9e097f84eefb4833c03aa2c0436894a88ce7bb20160c6e?s=96&d=blank&r=g","url":"https:\/\/secure.gravatar.com\/avatar\/9767aacc5c765bfd4b9e097f84eefb4833c03aa2c0436894a88ce7bb20160c6e?s=96&d=blank&r=g","contentUrl":"https:\/\/secure.gravatar.com\/avatar\/9767aacc5c765bfd4b9e097f84eefb4833c03aa2c0436894a88ce7bb20160c6e?s=96&d=blank&r=g","caption":"Th\u00e9mis Linet"},"url":"https:\/\/www.la16.fr\/fr\/author\/themis\/"}]}},"_links":{"self":[{"href":"https:\/\/www.la16.fr\/fr\/wp-json\/wp\/v2\/posts\/24318","targetHints":{"allow":["GET"]}}],"collection":[{"href":"https:\/\/www.la16.fr\/fr\/wp-json\/wp\/v2\/posts"}],"about":[{"href":"https:\/\/www.la16.fr\/fr\/wp-json\/wp\/v2\/types\/post"}],"author":[{"embeddable":true,"href":"https:\/\/www.la16.fr\/fr\/wp-json\/wp\/v2\/users\/9"}],"replies":[{"embeddable":true,"href":"https:\/\/www.la16.fr\/fr\/wp-json\/wp\/v2\/comments?post=24318"}],"version-history":[{"count":1,"href":"https:\/\/www.la16.fr\/fr\/wp-json\/wp\/v2\/posts\/24318\/revisions"}],"predecessor-version":[{"id":24320,"href":"https:\/\/www.la16.fr\/fr\/wp-json\/wp\/v2\/posts\/24318\/revisions\/24320"}],"wp:featuredmedia":[{"embeddable":true,"href":"https:\/\/www.la16.fr\/fr\/wp-json\/wp\/v2\/media\/24319"}],"wp:attachment":[{"href":"https:\/\/www.la16.fr\/fr\/wp-json\/wp\/v2\/media?parent=24318"}],"wp:term":[{"taxonomy":"category","embeddable":true,"href":"https:\/\/www.la16.fr\/fr\/wp-json\/wp\/v2\/categories?post=24318"},{"taxonomy":"post_tag","embeddable":true,"href":"https:\/\/www.la16.fr\/fr\/wp-json\/wp\/v2\/tags?post=24318"}],"curies":[{"name":"wp","href":"https:\/\/api.w.org\/{rel}","templated":true}]}}