{"id":24321,"date":"2025-03-20T15:57:22","date_gmt":"2025-03-20T14:57:22","guid":{"rendered":"https:\/\/www.la16.fr\/fr\/?p=24321"},"modified":"2025-03-21T08:03:20","modified_gmt":"2025-03-21T07:03:20","slug":"donald-trump-signe-un-decret-pour-demanteler-le-ministere-de-leducation","status":"publish","type":"post","link":"https:\/\/www.la16.fr\/fr\/donald-trump-signe-un-decret-pour-demanteler-le-ministere-de-leducation\/","title":{"rendered":"Donald Trump signe un d\u00e9cret pour d\u00e9manteler le minist\u00e8re de l&rsquo;\u00c9ducation"},"content":{"rendered":"<div id=\"modal-ready\"><p><img decoding=\"async\" class=\"wp-image-24322 size-medium alignleft\" src=\"https:\/\/www.la16.fr\/fr\/wp-content\/uploads\/2025\/03\/Donald-Trump-signe-un-decret-pour-demanteler-le-ministere-Education-400x225.jpg\" alt=\"\" width=\"400\" height=\"225\" srcset=\"https:\/\/www.la16.fr\/fr\/wp-content\/uploads\/2025\/03\/Donald-Trump-signe-un-decret-pour-demanteler-le-ministere-Education-400x225.jpg 400w, https:\/\/www.la16.fr\/fr\/wp-content\/uploads\/2025\/03\/Donald-Trump-signe-un-decret-pour-demanteler-le-ministere-Education-1200x675.jpg 1200w, https:\/\/www.la16.fr\/fr\/wp-content\/uploads\/2025\/03\/Donald-Trump-signe-un-decret-pour-demanteler-le-ministere-Education-768x432.jpg 768w, https:\/\/www.la16.fr\/fr\/wp-content\/uploads\/2025\/03\/Donald-Trump-signe-un-decret-pour-demanteler-le-ministere-Education.jpg 1280w\" sizes=\"(max-width: 400px) 100vw, 400px\" \/>Le pr\u00e9sident Donald Trump a sign\u00e9, ce jeudi 20 mars, un d\u00e9cret visant \u00e0 r\u00e9duire consid\u00e9rablement les activit\u00e9s du minist\u00e8re de l\u2019\u00c9ducation des \u00c9tats-Unis. Cette mesure vient d\u2019une politique plus large qui vise \u00e0 r\u00e9duire les d\u00e9penses publiques f\u00e9d\u00e9rales et \u00e0 transf\u00e9rer une plus grande part des responsabilit\u00e9s \u00e9ducatives aux \u00c9tats. Le d\u00e9cret, qui a imm\u00e9diatement attir\u00e9 l\u2019attention des m\u00e9dias et des responsables politiques, demande \u00e0 la ministre de l\u2019\u00c9ducation, Linda McMahon, de prendre les mesures n\u00e9cessaires pour d\u00e9manteler l\u2019essentiel du minist\u00e8re tout en maintenant certains programmes jug\u00e9s essentiels.<\/p>\n<h2>Un minist\u00e8re jug\u00e9 trop co\u00fbteux et inefficace<\/h2>\n<p>L\u2019administration Trump critique depuis plusieurs ann\u00e9es le minist\u00e8re de l\u2019\u00c9ducation, accus\u00e9 de gaspiller des fonds publics sans am\u00e9liorer les r\u00e9sultats scolaires des \u00e9l\u00e8ves. Selon l\u2019ex\u00e9cutif, le minist\u00e8re aurait d\u00e9pens\u00e9 plus de 3 000 milliards de dollars depuis sa cr\u00e9ation en 1979, sans parvenir \u00e0 obtenir des am\u00e9liorations significatives dans les performances des \u00e9tudiants. En janvier 2025, un rapport a r\u00e9v\u00e9l\u00e9 que le niveau des \u00e9l\u00e8ves am\u00e9ricains en lecture et en math\u00e9matiques n\u2019avait pas retrouv\u00e9 les niveaux d\u2019avant la pand\u00e9mie de Covid-19, avec une baisse marqu\u00e9e de l\u2019engagement des \u00e9l\u00e8ves dans certaines mati\u00e8res.<\/p>\n<p>Ce d\u00e9cret vise donc \u00e0 r\u00e9duire les co\u00fbts administratifs et \u00e0 limiter l\u2019intervention f\u00e9d\u00e9rale dans le syst\u00e8me \u00e9ducatif. Le texte demande sp\u00e9cifiquement \u00e0 Linda McMahon de mettre en \u0153uvre un plan visant \u00e0 fermer plusieurs d\u00e9partements du minist\u00e8re et de r\u00e9duire le nombre d\u2019employ\u00e9s. Selon les informations officielles, environ 1 900 postes ont d\u00e9j\u00e0 \u00e9t\u00e9 supprim\u00e9s depuis d\u00e9but mars. Cependant, certaines fonctions jug\u00e9es essentielles, comme la gestion des pr\u00eats \u00e9tudiants, les bourses et l\u2019aide aux \u00e9l\u00e8ves handicap\u00e9s, continueront d\u2019\u00eatre g\u00e9r\u00e9es par une version restreinte du minist\u00e8re.<\/p>\n<h2>Des mesures controvers\u00e9es et une approbation du Congr\u00e8s n\u00e9cessaire<\/h2>\n<p>Si le d\u00e9cret a \u00e9t\u00e9 sign\u00e9, sa mise en \u0153uvre compl\u00e8te ne pourra se faire qu\u2019apr\u00e8s une validation du Congr\u00e8s, une proc\u00e9dure qui pourrait prendre plusieurs mois, voire plusieurs ann\u00e9es. Le S\u00e9nat ne dispose actuellement pas de la majorit\u00e9 des 60 voix n\u00e9cessaires pour adopter une loi permettant la fermeture totale du minist\u00e8re. Cependant, l\u2019administration Trump a indiqu\u00e9 qu\u2019elle poursuivra ses efforts pour r\u00e9duire les activit\u00e9s du minist\u00e8re, en cherchant \u00e0 transf\u00e9rer certaines responsabilit\u00e9s aux gouvernements locaux.<\/p>\n<p>Les membres du gouvernement et leurs alli\u00e9s r\u00e9publicains insistent sur le fait que les \u00c9tats et les communaut\u00e9s locales sont mieux plac\u00e9s pour g\u00e9rer les questions \u00e9ducatives, plut\u00f4t que le gouvernement f\u00e9d\u00e9ral. Les r\u00e9publicains, notamment ceux des \u00c9tats gouvern\u00e9s par des figures embl\u00e9matiques de la droite, comme Ron DeSantis en Floride et Greg Abbott au Texas, soutiennent cette initiative, soulignant que la gestion des \u00e9coles et des syst\u00e8mes \u00e9ducatifs locaux devrait \u00eatre confi\u00e9e aux autorit\u00e9s de chaque \u00c9tat. En revanche, la fermeture compl\u00e8te du minist\u00e8re n\u00e9cessiterait une nouvelle loi, qui devra obtenir l\u2019aval des s\u00e9nateurs, ce qui n&rsquo;est pas acquis.<\/p>\n<p>La porte-parole de la Maison Blanche, Karoline Leavitt, a pr\u00e9cis\u00e9 que certaines fonctions administratives essentielles seraient maintenues, tout en soulignant que l\u2019objectif \u00e9tait de \u201cr\u00e9duire l\u2019empreinte de l\u2019\u00c9tat f\u00e9d\u00e9ral sur l\u2019\u00e9ducation\u201d et de donner davantage de libert\u00e9 aux \u00c9tats dans la gestion de leurs propres syst\u00e8mes \u00e9ducatifs.<\/p>\n<\/div>","protected":false},"excerpt":{"rendered":"<p>Le pr\u00e9sident Donald Trump a sign\u00e9, ce jeudi 20 mars, un d\u00e9cret visant \u00e0 r\u00e9duire consid\u00e9rablement les activit\u00e9s du minist\u00e8re de l\u2019\u00c9ducation des \u00c9tats-Unis. Cette mesure vient d\u2019une politique plus large qui vise \u00e0 r\u00e9duire les d\u00e9penses publiques f\u00e9d\u00e9rales et \u00e0 transf\u00e9rer une plus grande part des responsabilit\u00e9s \u00e9ducatives aux ...<\/p>\n","protected":false},"author":9,"featured_media":24322,"comment_status":"closed","ping_status":"closed","sticky":false,"template":"","format":"standard","meta":{"footnotes":""},"categories":[154],"tags":[],"class_list":["post-24321","post","type-post","status-publish","format-standard","has-post-thumbnail","hentry","category-actu"],"yoast_head":"<!-- This site is optimized with the Yoast SEO plugin v27.5 - https:\/\/yoast.com\/product\/yoast-seo-wordpress\/ -->\n<title>Donald Trump signe un d\u00e9cret pour d\u00e9manteler le minist\u00e8re de l&#039;\u00c9ducation | LA16.fr en Charente<\/title>\n<meta name=\"robots\" content=\"index, follow, max-snippet:-1, max-image-preview:large, max-video-preview:-1\" \/>\n<link rel=\"canonical\" href=\"https:\/\/www.la16.fr\/fr\/donald-trump-signe-un-decret-pour-demanteler-le-ministere-de-leducation\/\" \/>\n<meta property=\"og:locale\" content=\"fr_FR\" \/>\n<meta property=\"og:type\" content=\"article\" \/>\n<meta property=\"og:title\" content=\"Donald Trump signe un d\u00e9cret pour d\u00e9manteler le minist\u00e8re de l&#039;\u00c9ducation | LA16.fr en Charente\" \/>\n<meta property=\"og:description\" content=\"Le pr\u00e9sident Donald Trump a sign\u00e9, ce jeudi 20 mars, un d\u00e9cret visant \u00e0 r\u00e9duire consid\u00e9rablement les activit\u00e9s du minist\u00e8re de l\u2019\u00c9ducation des \u00c9tats-Unis. Cette mesure vient d\u2019une politique plus large qui vise \u00e0 r\u00e9duire les d\u00e9penses publiques f\u00e9d\u00e9rales et \u00e0 transf\u00e9rer une plus grande part des responsabilit\u00e9s \u00e9ducatives aux [...]\" \/>\n<meta property=\"og:url\" content=\"https:\/\/www.la16.fr\/fr\/donald-trump-signe-un-decret-pour-demanteler-le-ministere-de-leducation\/\" \/>\n<meta property=\"og:site_name\" content=\"LA16.fr en Charente\" \/>\n<meta property=\"article:publisher\" content=\"https:\/\/www.facebook.com\/LA16fr\" \/>\n<meta property=\"article:published_time\" content=\"2025-03-20T14:57:22+00:00\" \/>\n<meta property=\"article:modified_time\" content=\"2025-03-21T07:03:20+00:00\" \/>\n<meta property=\"og:image\" content=\"https:\/\/www.la16.fr\/fr\/wp-content\/uploads\/2025\/03\/Donald-Trump-signe-un-decret-pour-demanteler-le-ministere-Education.jpg\" \/>\n\t<meta property=\"og:image:width\" content=\"1280\" \/>\n\t<meta property=\"og:image:height\" content=\"720\" \/>\n\t<meta property=\"og:image:type\" content=\"image\/jpeg\" \/>\n<meta name=\"author\" content=\"Th\u00e9mis Linet\" \/>\n<meta name=\"twitter:card\" content=\"summary_large_image\" \/>\n<meta name=\"twitter:creator\" content=\"@La16Fr\" \/>\n<meta name=\"twitter:site\" content=\"@La16Fr\" \/>\n<meta name=\"twitter:label1\" content=\"\u00c9crit par\" \/>\n\t<meta name=\"twitter:data1\" content=\"Th\u00e9mis Linet\" \/>\n\t<meta name=\"twitter:label2\" content=\"Dur\u00e9e de lecture estim\u00e9e\" \/>\n\t<meta name=\"twitter:data2\" content=\"3 minutes\" \/>\n<script type=\"application\/ld+json\" class=\"yoast-schema-graph\">{\"@context\":\"https:\\\/\\\/schema.org\",\"@graph\":[{\"@type\":\"Article\",\"@id\":\"https:\\\/\\\/www.la16.fr\\\/fr\\\/donald-trump-signe-un-decret-pour-demanteler-le-ministere-de-leducation\\\/#article\",\"isPartOf\":{\"@id\":\"https:\\\/\\\/www.la16.fr\\\/fr\\\/donald-trump-signe-un-decret-pour-demanteler-le-ministere-de-leducation\\\/\"},\"author\":{\"name\":\"Th\u00e9mis Linet\",\"@id\":\"https:\\\/\\\/www.la16.fr\\\/fr\\\/#\\\/schema\\\/person\\\/90760501b2f870af521092e33e4ce032\"},\"headline\":\"Donald Trump signe un d\u00e9cret pour d\u00e9manteler le minist\u00e8re de l&rsquo;\u00c9ducation\",\"datePublished\":\"2025-03-20T14:57:22+00:00\",\"dateModified\":\"2025-03-21T07:03:20+00:00\",\"mainEntityOfPage\":{\"@id\":\"https:\\\/\\\/www.la16.fr\\\/fr\\\/donald-trump-signe-un-decret-pour-demanteler-le-ministere-de-leducation\\\/\"},\"wordCount\":629,\"publisher\":{\"@id\":\"https:\\\/\\\/www.la16.fr\\\/fr\\\/#organization\"},\"image\":{\"@id\":\"https:\\\/\\\/www.la16.fr\\\/fr\\\/donald-trump-signe-un-decret-pour-demanteler-le-ministere-de-leducation\\\/#primaryimage\"},\"thumbnailUrl\":\"https:\\\/\\\/www.la16.fr\\\/fr\\\/wp-content\\\/uploads\\\/2025\\\/03\\\/Donald-Trump-signe-un-decret-pour-demanteler-le-ministere-Education.jpg\",\"articleSection\":[\"Actu\"],\"inLanguage\":\"fr-FR\"},{\"@type\":\"WebPage\",\"@id\":\"https:\\\/\\\/www.la16.fr\\\/fr\\\/donald-trump-signe-un-decret-pour-demanteler-le-ministere-de-leducation\\\/\",\"url\":\"https:\\\/\\\/www.la16.fr\\\/fr\\\/donald-trump-signe-un-decret-pour-demanteler-le-ministere-de-leducation\\\/\",\"name\":\"Donald Trump signe un d\u00e9cret pour d\u00e9manteler le minist\u00e8re de l'\u00c9ducation | LA16.fr en Charente\",\"isPartOf\":{\"@id\":\"https:\\\/\\\/www.la16.fr\\\/fr\\\/#website\"},\"primaryImageOfPage\":{\"@id\":\"https:\\\/\\\/www.la16.fr\\\/fr\\\/donald-trump-signe-un-decret-pour-demanteler-le-ministere-de-leducation\\\/#primaryimage\"},\"image\":{\"@id\":\"https:\\\/\\\/www.la16.fr\\\/fr\\\/donald-trump-signe-un-decret-pour-demanteler-le-ministere-de-leducation\\\/#primaryimage\"},\"thumbnailUrl\":\"https:\\\/\\\/www.la16.fr\\\/fr\\\/wp-content\\\/uploads\\\/2025\\\/03\\\/Donald-Trump-signe-un-decret-pour-demanteler-le-ministere-Education.jpg\",\"datePublished\":\"2025-03-20T14:57:22+00:00\",\"dateModified\":\"2025-03-21T07:03:20+00:00\",\"breadcrumb\":{\"@id\":\"https:\\\/\\\/www.la16.fr\\\/fr\\\/donald-trump-signe-un-decret-pour-demanteler-le-ministere-de-leducation\\\/#breadcrumb\"},\"inLanguage\":\"fr-FR\",\"potentialAction\":[{\"@type\":\"ReadAction\",\"target\":[\"https:\\\/\\\/www.la16.fr\\\/fr\\\/donald-trump-signe-un-decret-pour-demanteler-le-ministere-de-leducation\\\/\"]}]},{\"@type\":\"ImageObject\",\"inLanguage\":\"fr-FR\",\"@id\":\"https:\\\/\\\/www.la16.fr\\\/fr\\\/donald-trump-signe-un-decret-pour-demanteler-le-ministere-de-leducation\\\/#primaryimage\",\"url\":\"https:\\\/\\\/www.la16.fr\\\/fr\\\/wp-content\\\/uploads\\\/2025\\\/03\\\/Donald-Trump-signe-un-decret-pour-demanteler-le-ministere-Education.jpg\",\"contentUrl\":\"https:\\\/\\\/www.la16.fr\\\/fr\\\/wp-content\\\/uploads\\\/2025\\\/03\\\/Donald-Trump-signe-un-decret-pour-demanteler-le-ministere-Education.jpg\",\"width\":1280,\"height\":720,\"caption\":\"US President Donald Trump holds up an executive order after signing it in the East Room of the White house in Washington, DC, March 20, 2025. US President Donald Trump will sign an order March 20, 2025 to start dismantling the Department of Education, fulfilling an election campaign pledge and a long-held dream of American conservatives. By law, the Education Department -- created in 1979 -- cannot be shuttered without the approval of Congress, and Republicans do not have the votes to push that through. (Photo by Mandel NGAN \\\/ AFP)\"},{\"@type\":\"BreadcrumbList\",\"@id\":\"https:\\\/\\\/www.la16.fr\\\/fr\\\/donald-trump-signe-un-decret-pour-demanteler-le-ministere-de-leducation\\\/#breadcrumb\",\"itemListElement\":[{\"@type\":\"ListItem\",\"position\":1,\"name\":\"Accueil\",\"item\":\"https:\\\/\\\/www.la16.fr\\\/fr\\\/\"},{\"@type\":\"ListItem\",\"position\":2,\"name\":\"Donald Trump signe un d\u00e9cret pour d\u00e9manteler le minist\u00e8re de l&rsquo;\u00c9ducation\"}]},{\"@type\":\"WebSite\",\"@id\":\"https:\\\/\\\/www.la16.fr\\\/fr\\\/#website\",\"url\":\"https:\\\/\\\/www.la16.fr\\\/fr\\\/\",\"name\":\"LA16.fr en Charente\",\"description\":\"\",\"publisher\":{\"@id\":\"https:\\\/\\\/www.la16.fr\\\/fr\\\/#organization\"},\"potentialAction\":[{\"@type\":\"SearchAction\",\"target\":{\"@type\":\"EntryPoint\",\"urlTemplate\":\"https:\\\/\\\/www.la16.fr\\\/fr\\\/?s={search_term_string}\"},\"query-input\":{\"@type\":\"PropertyValueSpecification\",\"valueRequired\":true,\"valueName\":\"search_term_string\"}}],\"inLanguage\":\"fr-FR\"},{\"@type\":\"Organization\",\"@id\":\"https:\\\/\\\/www.la16.fr\\\/fr\\\/#organization\",\"name\":\"LA16\",\"url\":\"https:\\\/\\\/www.la16.fr\\\/fr\\\/\",\"logo\":{\"@type\":\"ImageObject\",\"inLanguage\":\"fr-FR\",\"@id\":\"https:\\\/\\\/www.la16.fr\\\/fr\\\/#\\\/schema\\\/logo\\\/image\\\/\",\"url\":\"https:\\\/\\\/www.la16.fr\\\/fr\\\/wp-content\\\/uploads\\\/2021\\\/08\\\/logo-2019-vectoriel-ok.png\",\"contentUrl\":\"https:\\\/\\\/www.la16.fr\\\/fr\\\/wp-content\\\/uploads\\\/2021\\\/08\\\/logo-2019-vectoriel-ok.png\",\"width\":500,\"height\":500,\"caption\":\"LA16\"},\"image\":{\"@id\":\"https:\\\/\\\/www.la16.fr\\\/fr\\\/#\\\/schema\\\/logo\\\/image\\\/\"},\"sameAs\":[\"https:\\\/\\\/www.facebook.com\\\/LA16fr\",\"https:\\\/\\\/x.com\\\/La16Fr\",\"https:\\\/\\\/www.instagram.com\\\/la16fr\\\/\",\"https:\\\/\\\/www.youtube.com\\\/channel\\\/UCdWiToB8k03CX56jPTUr07A\"]},{\"@type\":\"Person\",\"@id\":\"https:\\\/\\\/www.la16.fr\\\/fr\\\/#\\\/schema\\\/person\\\/90760501b2f870af521092e33e4ce032\",\"name\":\"Th\u00e9mis Linet\",\"image\":{\"@type\":\"ImageObject\",\"inLanguage\":\"fr-FR\",\"@id\":\"https:\\\/\\\/secure.gravatar.com\\\/avatar\\\/9767aacc5c765bfd4b9e097f84eefb4833c03aa2c0436894a88ce7bb20160c6e?s=96&d=blank&r=g\",\"url\":\"https:\\\/\\\/secure.gravatar.com\\\/avatar\\\/9767aacc5c765bfd4b9e097f84eefb4833c03aa2c0436894a88ce7bb20160c6e?s=96&d=blank&r=g\",\"contentUrl\":\"https:\\\/\\\/secure.gravatar.com\\\/avatar\\\/9767aacc5c765bfd4b9e097f84eefb4833c03aa2c0436894a88ce7bb20160c6e?s=96&d=blank&r=g\",\"caption\":\"Th\u00e9mis Linet\"},\"url\":\"https:\\\/\\\/www.la16.fr\\\/fr\\\/author\\\/themis\\\/\"}]}<\/script>\n<!-- \/ Yoast SEO plugin. -->","yoast_head_json":{"title":"Donald Trump signe un d\u00e9cret pour d\u00e9manteler le minist\u00e8re de l'\u00c9ducation | LA16.fr en Charente","robots":{"index":"index","follow":"follow","max-snippet":"max-snippet:-1","max-image-preview":"max-image-preview:large","max-video-preview":"max-video-preview:-1"},"canonical":"https:\/\/www.la16.fr\/fr\/donald-trump-signe-un-decret-pour-demanteler-le-ministere-de-leducation\/","og_locale":"fr_FR","og_type":"article","og_title":"Donald Trump signe un d\u00e9cret pour d\u00e9manteler le minist\u00e8re de l'\u00c9ducation | LA16.fr en Charente","og_description":"Le pr\u00e9sident Donald Trump a sign\u00e9, ce jeudi 20 mars, un d\u00e9cret visant \u00e0 r\u00e9duire consid\u00e9rablement les activit\u00e9s du minist\u00e8re de l\u2019\u00c9ducation des \u00c9tats-Unis. Cette mesure vient d\u2019une politique plus large qui vise \u00e0 r\u00e9duire les d\u00e9penses publiques f\u00e9d\u00e9rales et \u00e0 transf\u00e9rer une plus grande part des responsabilit\u00e9s \u00e9ducatives aux [...]","og_url":"https:\/\/www.la16.fr\/fr\/donald-trump-signe-un-decret-pour-demanteler-le-ministere-de-leducation\/","og_site_name":"LA16.fr en Charente","article_publisher":"https:\/\/www.facebook.com\/LA16fr","article_published_time":"2025-03-20T14:57:22+00:00","article_modified_time":"2025-03-21T07:03:20+00:00","og_image":[{"width":1280,"height":720,"url":"https:\/\/www.la16.fr\/fr\/wp-content\/uploads\/2025\/03\/Donald-Trump-signe-un-decret-pour-demanteler-le-ministere-Education.jpg","type":"image\/jpeg"}],"author":"Th\u00e9mis Linet","twitter_card":"summary_large_image","twitter_creator":"@La16Fr","twitter_site":"@La16Fr","twitter_misc":{"\u00c9crit par":"Th\u00e9mis Linet","Dur\u00e9e de lecture estim\u00e9e":"3 minutes"},"schema":{"@context":"https:\/\/schema.org","@graph":[{"@type":"Article","@id":"https:\/\/www.la16.fr\/fr\/donald-trump-signe-un-decret-pour-demanteler-le-ministere-de-leducation\/#article","isPartOf":{"@id":"https:\/\/www.la16.fr\/fr\/donald-trump-signe-un-decret-pour-demanteler-le-ministere-de-leducation\/"},"author":{"name":"Th\u00e9mis Linet","@id":"https:\/\/www.la16.fr\/fr\/#\/schema\/person\/90760501b2f870af521092e33e4ce032"},"headline":"Donald Trump signe un d\u00e9cret pour d\u00e9manteler le minist\u00e8re de l&rsquo;\u00c9ducation","datePublished":"2025-03-20T14:57:22+00:00","dateModified":"2025-03-21T07:03:20+00:00","mainEntityOfPage":{"@id":"https:\/\/www.la16.fr\/fr\/donald-trump-signe-un-decret-pour-demanteler-le-ministere-de-leducation\/"},"wordCount":629,"publisher":{"@id":"https:\/\/www.la16.fr\/fr\/#organization"},"image":{"@id":"https:\/\/www.la16.fr\/fr\/donald-trump-signe-un-decret-pour-demanteler-le-ministere-de-leducation\/#primaryimage"},"thumbnailUrl":"https:\/\/www.la16.fr\/fr\/wp-content\/uploads\/2025\/03\/Donald-Trump-signe-un-decret-pour-demanteler-le-ministere-Education.jpg","articleSection":["Actu"],"inLanguage":"fr-FR"},{"@type":"WebPage","@id":"https:\/\/www.la16.fr\/fr\/donald-trump-signe-un-decret-pour-demanteler-le-ministere-de-leducation\/","url":"https:\/\/www.la16.fr\/fr\/donald-trump-signe-un-decret-pour-demanteler-le-ministere-de-leducation\/","name":"Donald Trump signe un d\u00e9cret pour d\u00e9manteler le minist\u00e8re de l'\u00c9ducation | LA16.fr en Charente","isPartOf":{"@id":"https:\/\/www.la16.fr\/fr\/#website"},"primaryImageOfPage":{"@id":"https:\/\/www.la16.fr\/fr\/donald-trump-signe-un-decret-pour-demanteler-le-ministere-de-leducation\/#primaryimage"},"image":{"@id":"https:\/\/www.la16.fr\/fr\/donald-trump-signe-un-decret-pour-demanteler-le-ministere-de-leducation\/#primaryimage"},"thumbnailUrl":"https:\/\/www.la16.fr\/fr\/wp-content\/uploads\/2025\/03\/Donald-Trump-signe-un-decret-pour-demanteler-le-ministere-Education.jpg","datePublished":"2025-03-20T14:57:22+00:00","dateModified":"2025-03-21T07:03:20+00:00","breadcrumb":{"@id":"https:\/\/www.la16.fr\/fr\/donald-trump-signe-un-decret-pour-demanteler-le-ministere-de-leducation\/#breadcrumb"},"inLanguage":"fr-FR","potentialAction":[{"@type":"ReadAction","target":["https:\/\/www.la16.fr\/fr\/donald-trump-signe-un-decret-pour-demanteler-le-ministere-de-leducation\/"]}]},{"@type":"ImageObject","inLanguage":"fr-FR","@id":"https:\/\/www.la16.fr\/fr\/donald-trump-signe-un-decret-pour-demanteler-le-ministere-de-leducation\/#primaryimage","url":"https:\/\/www.la16.fr\/fr\/wp-content\/uploads\/2025\/03\/Donald-Trump-signe-un-decret-pour-demanteler-le-ministere-Education.jpg","contentUrl":"https:\/\/www.la16.fr\/fr\/wp-content\/uploads\/2025\/03\/Donald-Trump-signe-un-decret-pour-demanteler-le-ministere-Education.jpg","width":1280,"height":720,"caption":"US President Donald Trump holds up an executive order after signing it in the East Room of the White house in Washington, DC, March 20, 2025. US President Donald Trump will sign an order March 20, 2025 to start dismantling the Department of Education, fulfilling an election campaign pledge and a long-held dream of American conservatives. By law, the Education Department -- created in 1979 -- cannot be shuttered without the approval of Congress, and Republicans do not have the votes to push that through. (Photo by Mandel NGAN \/ AFP)"},{"@type":"BreadcrumbList","@id":"https:\/\/www.la16.fr\/fr\/donald-trump-signe-un-decret-pour-demanteler-le-ministere-de-leducation\/#breadcrumb","itemListElement":[{"@type":"ListItem","position":1,"name":"Accueil","item":"https:\/\/www.la16.fr\/fr\/"},{"@type":"ListItem","position":2,"name":"Donald Trump signe un d\u00e9cret pour d\u00e9manteler le minist\u00e8re de l&rsquo;\u00c9ducation"}]},{"@type":"WebSite","@id":"https:\/\/www.la16.fr\/fr\/#website","url":"https:\/\/www.la16.fr\/fr\/","name":"LA16.fr en Charente","description":"","publisher":{"@id":"https:\/\/www.la16.fr\/fr\/#organization"},"potentialAction":[{"@type":"SearchAction","target":{"@type":"EntryPoint","urlTemplate":"https:\/\/www.la16.fr\/fr\/?s={search_term_string}"},"query-input":{"@type":"PropertyValueSpecification","valueRequired":true,"valueName":"search_term_string"}}],"inLanguage":"fr-FR"},{"@type":"Organization","@id":"https:\/\/www.la16.fr\/fr\/#organization","name":"LA16","url":"https:\/\/www.la16.fr\/fr\/","logo":{"@type":"ImageObject","inLanguage":"fr-FR","@id":"https:\/\/www.la16.fr\/fr\/#\/schema\/logo\/image\/","url":"https:\/\/www.la16.fr\/fr\/wp-content\/uploads\/2021\/08\/logo-2019-vectoriel-ok.png","contentUrl":"https:\/\/www.la16.fr\/fr\/wp-content\/uploads\/2021\/08\/logo-2019-vectoriel-ok.png","width":500,"height":500,"caption":"LA16"},"image":{"@id":"https:\/\/www.la16.fr\/fr\/#\/schema\/logo\/image\/"},"sameAs":["https:\/\/www.facebook.com\/LA16fr","https:\/\/x.com\/La16Fr","https:\/\/www.instagram.com\/la16fr\/","https:\/\/www.youtube.com\/channel\/UCdWiToB8k03CX56jPTUr07A"]},{"@type":"Person","@id":"https:\/\/www.la16.fr\/fr\/#\/schema\/person\/90760501b2f870af521092e33e4ce032","name":"Th\u00e9mis Linet","image":{"@type":"ImageObject","inLanguage":"fr-FR","@id":"https:\/\/secure.gravatar.com\/avatar\/9767aacc5c765bfd4b9e097f84eefb4833c03aa2c0436894a88ce7bb20160c6e?s=96&d=blank&r=g","url":"https:\/\/secure.gravatar.com\/avatar\/9767aacc5c765bfd4b9e097f84eefb4833c03aa2c0436894a88ce7bb20160c6e?s=96&d=blank&r=g","contentUrl":"https:\/\/secure.gravatar.com\/avatar\/9767aacc5c765bfd4b9e097f84eefb4833c03aa2c0436894a88ce7bb20160c6e?s=96&d=blank&r=g","caption":"Th\u00e9mis Linet"},"url":"https:\/\/www.la16.fr\/fr\/author\/themis\/"}]}},"_links":{"self":[{"href":"https:\/\/www.la16.fr\/fr\/wp-json\/wp\/v2\/posts\/24321","targetHints":{"allow":["GET"]}}],"collection":[{"href":"https:\/\/www.la16.fr\/fr\/wp-json\/wp\/v2\/posts"}],"about":[{"href":"https:\/\/www.la16.fr\/fr\/wp-json\/wp\/v2\/types\/post"}],"author":[{"embeddable":true,"href":"https:\/\/www.la16.fr\/fr\/wp-json\/wp\/v2\/users\/9"}],"replies":[{"embeddable":true,"href":"https:\/\/www.la16.fr\/fr\/wp-json\/wp\/v2\/comments?post=24321"}],"version-history":[{"count":1,"href":"https:\/\/www.la16.fr\/fr\/wp-json\/wp\/v2\/posts\/24321\/revisions"}],"predecessor-version":[{"id":24323,"href":"https:\/\/www.la16.fr\/fr\/wp-json\/wp\/v2\/posts\/24321\/revisions\/24323"}],"wp:featuredmedia":[{"embeddable":true,"href":"https:\/\/www.la16.fr\/fr\/wp-json\/wp\/v2\/media\/24322"}],"wp:attachment":[{"href":"https:\/\/www.la16.fr\/fr\/wp-json\/wp\/v2\/media?parent=24321"}],"wp:term":[{"taxonomy":"category","embeddable":true,"href":"https:\/\/www.la16.fr\/fr\/wp-json\/wp\/v2\/categories?post=24321"},{"taxonomy":"post_tag","embeddable":true,"href":"https:\/\/www.la16.fr\/fr\/wp-json\/wp\/v2\/tags?post=24321"}],"curies":[{"name":"wp","href":"https:\/\/api.w.org\/{rel}","templated":true}]}}