{"id":24337,"date":"2025-03-24T08:41:08","date_gmt":"2025-03-24T07:41:08","guid":{"rendered":"https:\/\/www.la16.fr\/fr\/?p=24337"},"modified":"2025-03-24T08:41:08","modified_gmt":"2025-03-24T07:41:08","slug":"elisabeth-borne-et-la-lutte-contre-lentrisme-islamiste","status":"publish","type":"post","link":"https:\/\/www.la16.fr\/fr\/elisabeth-borne-et-la-lutte-contre-lentrisme-islamiste\/","title":{"rendered":"\u00c9lisabeth Borne et la lutte contre l\u2019entrisme islamiste"},"content":{"rendered":"<div id=\"modal-ready\"><p><img decoding=\"async\" class=\"size-medium wp-image-24338 alignleft\" src=\"https:\/\/www.la16.fr\/fr\/wp-content\/uploads\/2025\/03\/Elisabeth-Borne-le-15-mars-2023-au-Senat-1607096-400x225.jpg\" alt=\"\" width=\"400\" height=\"225\" srcset=\"https:\/\/www.la16.fr\/fr\/wp-content\/uploads\/2025\/03\/Elisabeth-Borne-le-15-mars-2023-au-Senat-1607096-400x225.jpg 400w, https:\/\/www.la16.fr\/fr\/wp-content\/uploads\/2025\/03\/Elisabeth-Borne-le-15-mars-2023-au-Senat-1607096-768x432.jpg 768w, https:\/\/www.la16.fr\/fr\/wp-content\/uploads\/2025\/03\/Elisabeth-Borne-le-15-mars-2023-au-Senat-1607096.jpg 1024w\" sizes=\"(max-width: 400px) 100vw, 400px\" \/>Malgr\u00e9 les tensions au sein du gouvernement sur la question du port du voile dans le sport, ce samedi 22 mars, \u00c9lisabeth Borne a r\u00e9affirm\u00e9 sa position en faveur de l&rsquo;interdiction des signes religieux dans les comp\u00e9titions sportives. Selon elle, cette mesure doit s\u2019inscrire dans une approche plus large visant \u00e0 lutter contre l\u2019entrisme islamiste dans la soci\u00e9t\u00e9.<\/p>\n<p>Face aux critiques de certains de ses coll\u00e8gues, notamment G\u00e9rald Darmanin, qui lui reprochaient une certaine \u00ab\u00a0na\u00efvet\u00e9\u00a0\u00bb, la ministre de l\u2019\u00c9ducation nationale a oppos\u00e9 une r\u00e9ponse ferme : \u00ab\u00a0Je n\u2019ai aucune le\u00e7on \u00e0 recevoir sur la la\u00efcit\u00e9.\u00a0\u00bb Elle a rappel\u00e9 qu\u2019elle avait d\u00e9j\u00e0 d\u00e9fendu la r\u00e9glementation de la F\u00e9d\u00e9ration fran\u00e7aise de football devant le Conseil d\u2019\u00c9tat, une instance qui interdit le port du voile dans ce sport.<\/p>\n<h2>Un d\u00e9bat au sein du gouvernement<\/h2>\n<p>Le gouvernement a montr\u00e9 des dissensions internes sur cette question. Tandis que Borne soutient une interdiction encadr\u00e9e, d\u2019autres ministres comme Marie Barsacq estiment que le port du voile n\u2019est pas un signe d&rsquo;entrisme islamiste, d\u00e9fendant l&rsquo;id\u00e9e que la d\u00e9cision doit \u00eatre laiss\u00e9e aux f\u00e9d\u00e9rations sportives. Pour apaiser ces tensions, le Premier ministre a r\u00e9uni les ministres concern\u00e9s afin de rappeler l\u2019importance de la coh\u00e9sion gouvernementale. Selon Borne, il n&rsquo;y avait \u00ab\u00a0pas de d\u00e9bat sur la ligne\u00a0\u00bb, les membres du gouvernement restant globalement favorables \u00e0 l\u2019interdiction des signes religieux dans le sport, en coh\u00e9rence avec la loi adopt\u00e9e au S\u00e9nat.<\/p>\n<h2>Un engagement contre les discours simplistes<\/h2>\n<p>Au-del\u00e0 des clivages politiques, \u00c9lisabeth Borne met en avant la n\u00e9cessit\u00e9 de traiter cette question avec rigueur. Elle d\u00e9nonce les \u00ab\u00a0r\u00e9ponses toutes faites et les slogans\u00a0\u00bb qui ne permettent pas, selon elle, d\u2019apporter des solutions efficaces. Elle affirme vouloir incarner \u00ab\u00a0le bloc central\u00a0\u00bb refusant les extr\u00eames et pr\u00e9f\u00e9rant une approche pragmatique pour lutter contre l\u2019entrisme islamiste tout en pr\u00e9servant les libert\u00e9s fondamentales et la coh\u00e9sion sociale.<\/p>\n<\/div>","protected":false},"excerpt":{"rendered":"<p>Malgr\u00e9 les tensions au sein du gouvernement sur la question du port du voile dans le sport, ce samedi 22 mars, \u00c9lisabeth Borne a r\u00e9affirm\u00e9 sa position en faveur de l&rsquo;interdiction des signes religieux dans les comp\u00e9titions sportives. Selon elle, cette mesure doit s\u2019inscrire dans une approche plus large visant ...<\/p>\n","protected":false},"author":9,"featured_media":24338,"comment_status":"closed","ping_status":"closed","sticky":false,"template":"","format":"standard","meta":{"footnotes":""},"categories":[154],"tags":[],"class_list":["post-24337","post","type-post","status-publish","format-standard","has-post-thumbnail","hentry","category-actu"],"yoast_head":"<!-- This site is optimized with the Yoast SEO plugin v27.5 - https:\/\/yoast.com\/product\/yoast-seo-wordpress\/ -->\n<title>\u00c9lisabeth Borne et la lutte contre l\u2019entrisme islamiste | LA16.fr en Charente<\/title>\n<meta name=\"robots\" content=\"index, follow, max-snippet:-1, max-image-preview:large, max-video-preview:-1\" \/>\n<link rel=\"canonical\" href=\"https:\/\/www.la16.fr\/fr\/elisabeth-borne-et-la-lutte-contre-lentrisme-islamiste\/\" \/>\n<meta property=\"og:locale\" content=\"fr_FR\" \/>\n<meta property=\"og:type\" content=\"article\" \/>\n<meta property=\"og:title\" content=\"\u00c9lisabeth Borne et la lutte contre l\u2019entrisme islamiste | LA16.fr en Charente\" \/>\n<meta property=\"og:description\" content=\"Malgr\u00e9 les tensions au sein du gouvernement sur la question du port du voile dans le sport, ce samedi 22 mars, \u00c9lisabeth Borne a r\u00e9affirm\u00e9 sa position en faveur de l&rsquo;interdiction des signes religieux dans les comp\u00e9titions sportives. Selon elle, cette mesure doit s\u2019inscrire dans une approche plus large visant [...]\" \/>\n<meta property=\"og:url\" content=\"https:\/\/www.la16.fr\/fr\/elisabeth-borne-et-la-lutte-contre-lentrisme-islamiste\/\" \/>\n<meta property=\"og:site_name\" content=\"LA16.fr en Charente\" \/>\n<meta property=\"article:publisher\" content=\"https:\/\/www.facebook.com\/LA16fr\" \/>\n<meta property=\"article:published_time\" content=\"2025-03-24T07:41:08+00:00\" \/>\n<meta property=\"og:image\" content=\"https:\/\/www.la16.fr\/fr\/wp-content\/uploads\/2025\/03\/Elisabeth-Borne-le-15-mars-2023-au-Senat-1607096.jpg\" \/>\n\t<meta property=\"og:image:width\" content=\"1024\" \/>\n\t<meta property=\"og:image:height\" content=\"576\" \/>\n\t<meta property=\"og:image:type\" content=\"image\/jpeg\" \/>\n<meta name=\"author\" content=\"Th\u00e9mis Linet\" \/>\n<meta name=\"twitter:card\" content=\"summary_large_image\" \/>\n<meta name=\"twitter:creator\" content=\"@La16Fr\" \/>\n<meta name=\"twitter:site\" content=\"@La16Fr\" \/>\n<meta name=\"twitter:label1\" content=\"\u00c9crit par\" \/>\n\t<meta name=\"twitter:data1\" content=\"Th\u00e9mis Linet\" \/>\n\t<meta name=\"twitter:label2\" content=\"Dur\u00e9e de lecture estim\u00e9e\" \/>\n\t<meta name=\"twitter:data2\" content=\"2 minutes\" \/>\n<script type=\"application\/ld+json\" class=\"yoast-schema-graph\">{\"@context\":\"https:\\\/\\\/schema.org\",\"@graph\":[{\"@type\":\"Article\",\"@id\":\"https:\\\/\\\/www.la16.fr\\\/fr\\\/elisabeth-borne-et-la-lutte-contre-lentrisme-islamiste\\\/#article\",\"isPartOf\":{\"@id\":\"https:\\\/\\\/www.la16.fr\\\/fr\\\/elisabeth-borne-et-la-lutte-contre-lentrisme-islamiste\\\/\"},\"author\":{\"name\":\"Th\u00e9mis Linet\",\"@id\":\"https:\\\/\\\/www.la16.fr\\\/fr\\\/#\\\/schema\\\/person\\\/90760501b2f870af521092e33e4ce032\"},\"headline\":\"\u00c9lisabeth Borne et la lutte contre l\u2019entrisme islamiste\",\"datePublished\":\"2025-03-24T07:41:08+00:00\",\"mainEntityOfPage\":{\"@id\":\"https:\\\/\\\/www.la16.fr\\\/fr\\\/elisabeth-borne-et-la-lutte-contre-lentrisme-islamiste\\\/\"},\"wordCount\":361,\"publisher\":{\"@id\":\"https:\\\/\\\/www.la16.fr\\\/fr\\\/#organization\"},\"image\":{\"@id\":\"https:\\\/\\\/www.la16.fr\\\/fr\\\/elisabeth-borne-et-la-lutte-contre-lentrisme-islamiste\\\/#primaryimage\"},\"thumbnailUrl\":\"https:\\\/\\\/www.la16.fr\\\/fr\\\/wp-content\\\/uploads\\\/2025\\\/03\\\/Elisabeth-Borne-le-15-mars-2023-au-Senat-1607096.jpg\",\"articleSection\":[\"Actu\"],\"inLanguage\":\"fr-FR\"},{\"@type\":\"WebPage\",\"@id\":\"https:\\\/\\\/www.la16.fr\\\/fr\\\/elisabeth-borne-et-la-lutte-contre-lentrisme-islamiste\\\/\",\"url\":\"https:\\\/\\\/www.la16.fr\\\/fr\\\/elisabeth-borne-et-la-lutte-contre-lentrisme-islamiste\\\/\",\"name\":\"\u00c9lisabeth Borne et la lutte contre l\u2019entrisme islamiste | LA16.fr en Charente\",\"isPartOf\":{\"@id\":\"https:\\\/\\\/www.la16.fr\\\/fr\\\/#website\"},\"primaryImageOfPage\":{\"@id\":\"https:\\\/\\\/www.la16.fr\\\/fr\\\/elisabeth-borne-et-la-lutte-contre-lentrisme-islamiste\\\/#primaryimage\"},\"image\":{\"@id\":\"https:\\\/\\\/www.la16.fr\\\/fr\\\/elisabeth-borne-et-la-lutte-contre-lentrisme-islamiste\\\/#primaryimage\"},\"thumbnailUrl\":\"https:\\\/\\\/www.la16.fr\\\/fr\\\/wp-content\\\/uploads\\\/2025\\\/03\\\/Elisabeth-Borne-le-15-mars-2023-au-Senat-1607096.jpg\",\"datePublished\":\"2025-03-24T07:41:08+00:00\",\"breadcrumb\":{\"@id\":\"https:\\\/\\\/www.la16.fr\\\/fr\\\/elisabeth-borne-et-la-lutte-contre-lentrisme-islamiste\\\/#breadcrumb\"},\"inLanguage\":\"fr-FR\",\"potentialAction\":[{\"@type\":\"ReadAction\",\"target\":[\"https:\\\/\\\/www.la16.fr\\\/fr\\\/elisabeth-borne-et-la-lutte-contre-lentrisme-islamiste\\\/\"]}]},{\"@type\":\"ImageObject\",\"inLanguage\":\"fr-FR\",\"@id\":\"https:\\\/\\\/www.la16.fr\\\/fr\\\/elisabeth-borne-et-la-lutte-contre-lentrisme-islamiste\\\/#primaryimage\",\"url\":\"https:\\\/\\\/www.la16.fr\\\/fr\\\/wp-content\\\/uploads\\\/2025\\\/03\\\/Elisabeth-Borne-le-15-mars-2023-au-Senat-1607096.jpg\",\"contentUrl\":\"https:\\\/\\\/www.la16.fr\\\/fr\\\/wp-content\\\/uploads\\\/2025\\\/03\\\/Elisabeth-Borne-le-15-mars-2023-au-Senat-1607096.jpg\",\"width\":1024,\"height\":576},{\"@type\":\"BreadcrumbList\",\"@id\":\"https:\\\/\\\/www.la16.fr\\\/fr\\\/elisabeth-borne-et-la-lutte-contre-lentrisme-islamiste\\\/#breadcrumb\",\"itemListElement\":[{\"@type\":\"ListItem\",\"position\":1,\"name\":\"Accueil\",\"item\":\"https:\\\/\\\/www.la16.fr\\\/fr\\\/\"},{\"@type\":\"ListItem\",\"position\":2,\"name\":\"\u00c9lisabeth Borne et la lutte contre l\u2019entrisme islamiste\"}]},{\"@type\":\"WebSite\",\"@id\":\"https:\\\/\\\/www.la16.fr\\\/fr\\\/#website\",\"url\":\"https:\\\/\\\/www.la16.fr\\\/fr\\\/\",\"name\":\"LA16.fr en Charente\",\"description\":\"\",\"publisher\":{\"@id\":\"https:\\\/\\\/www.la16.fr\\\/fr\\\/#organization\"},\"potentialAction\":[{\"@type\":\"SearchAction\",\"target\":{\"@type\":\"EntryPoint\",\"urlTemplate\":\"https:\\\/\\\/www.la16.fr\\\/fr\\\/?s={search_term_string}\"},\"query-input\":{\"@type\":\"PropertyValueSpecification\",\"valueRequired\":true,\"valueName\":\"search_term_string\"}}],\"inLanguage\":\"fr-FR\"},{\"@type\":\"Organization\",\"@id\":\"https:\\\/\\\/www.la16.fr\\\/fr\\\/#organization\",\"name\":\"LA16\",\"url\":\"https:\\\/\\\/www.la16.fr\\\/fr\\\/\",\"logo\":{\"@type\":\"ImageObject\",\"inLanguage\":\"fr-FR\",\"@id\":\"https:\\\/\\\/www.la16.fr\\\/fr\\\/#\\\/schema\\\/logo\\\/image\\\/\",\"url\":\"https:\\\/\\\/www.la16.fr\\\/fr\\\/wp-content\\\/uploads\\\/2021\\\/08\\\/logo-2019-vectoriel-ok.png\",\"contentUrl\":\"https:\\\/\\\/www.la16.fr\\\/fr\\\/wp-content\\\/uploads\\\/2021\\\/08\\\/logo-2019-vectoriel-ok.png\",\"width\":500,\"height\":500,\"caption\":\"LA16\"},\"image\":{\"@id\":\"https:\\\/\\\/www.la16.fr\\\/fr\\\/#\\\/schema\\\/logo\\\/image\\\/\"},\"sameAs\":[\"https:\\\/\\\/www.facebook.com\\\/LA16fr\",\"https:\\\/\\\/x.com\\\/La16Fr\",\"https:\\\/\\\/www.instagram.com\\\/la16fr\\\/\",\"https:\\\/\\\/www.youtube.com\\\/channel\\\/UCdWiToB8k03CX56jPTUr07A\"]},{\"@type\":\"Person\",\"@id\":\"https:\\\/\\\/www.la16.fr\\\/fr\\\/#\\\/schema\\\/person\\\/90760501b2f870af521092e33e4ce032\",\"name\":\"Th\u00e9mis Linet\",\"image\":{\"@type\":\"ImageObject\",\"inLanguage\":\"fr-FR\",\"@id\":\"https:\\\/\\\/secure.gravatar.com\\\/avatar\\\/9767aacc5c765bfd4b9e097f84eefb4833c03aa2c0436894a88ce7bb20160c6e?s=96&d=blank&r=g\",\"url\":\"https:\\\/\\\/secure.gravatar.com\\\/avatar\\\/9767aacc5c765bfd4b9e097f84eefb4833c03aa2c0436894a88ce7bb20160c6e?s=96&d=blank&r=g\",\"contentUrl\":\"https:\\\/\\\/secure.gravatar.com\\\/avatar\\\/9767aacc5c765bfd4b9e097f84eefb4833c03aa2c0436894a88ce7bb20160c6e?s=96&d=blank&r=g\",\"caption\":\"Th\u00e9mis Linet\"},\"url\":\"https:\\\/\\\/www.la16.fr\\\/fr\\\/author\\\/themis\\\/\"}]}<\/script>\n<!-- \/ Yoast SEO plugin. -->","yoast_head_json":{"title":"\u00c9lisabeth Borne et la lutte contre l\u2019entrisme islamiste | LA16.fr en Charente","robots":{"index":"index","follow":"follow","max-snippet":"max-snippet:-1","max-image-preview":"max-image-preview:large","max-video-preview":"max-video-preview:-1"},"canonical":"https:\/\/www.la16.fr\/fr\/elisabeth-borne-et-la-lutte-contre-lentrisme-islamiste\/","og_locale":"fr_FR","og_type":"article","og_title":"\u00c9lisabeth Borne et la lutte contre l\u2019entrisme islamiste | LA16.fr en Charente","og_description":"Malgr\u00e9 les tensions au sein du gouvernement sur la question du port du voile dans le sport, ce samedi 22 mars, \u00c9lisabeth Borne a r\u00e9affirm\u00e9 sa position en faveur de l&rsquo;interdiction des signes religieux dans les comp\u00e9titions sportives. Selon elle, cette mesure doit s\u2019inscrire dans une approche plus large visant [...]","og_url":"https:\/\/www.la16.fr\/fr\/elisabeth-borne-et-la-lutte-contre-lentrisme-islamiste\/","og_site_name":"LA16.fr en Charente","article_publisher":"https:\/\/www.facebook.com\/LA16fr","article_published_time":"2025-03-24T07:41:08+00:00","og_image":[{"width":1024,"height":576,"url":"https:\/\/www.la16.fr\/fr\/wp-content\/uploads\/2025\/03\/Elisabeth-Borne-le-15-mars-2023-au-Senat-1607096.jpg","type":"image\/jpeg"}],"author":"Th\u00e9mis Linet","twitter_card":"summary_large_image","twitter_creator":"@La16Fr","twitter_site":"@La16Fr","twitter_misc":{"\u00c9crit par":"Th\u00e9mis Linet","Dur\u00e9e de lecture estim\u00e9e":"2 minutes"},"schema":{"@context":"https:\/\/schema.org","@graph":[{"@type":"Article","@id":"https:\/\/www.la16.fr\/fr\/elisabeth-borne-et-la-lutte-contre-lentrisme-islamiste\/#article","isPartOf":{"@id":"https:\/\/www.la16.fr\/fr\/elisabeth-borne-et-la-lutte-contre-lentrisme-islamiste\/"},"author":{"name":"Th\u00e9mis Linet","@id":"https:\/\/www.la16.fr\/fr\/#\/schema\/person\/90760501b2f870af521092e33e4ce032"},"headline":"\u00c9lisabeth Borne et la lutte contre l\u2019entrisme islamiste","datePublished":"2025-03-24T07:41:08+00:00","mainEntityOfPage":{"@id":"https:\/\/www.la16.fr\/fr\/elisabeth-borne-et-la-lutte-contre-lentrisme-islamiste\/"},"wordCount":361,"publisher":{"@id":"https:\/\/www.la16.fr\/fr\/#organization"},"image":{"@id":"https:\/\/www.la16.fr\/fr\/elisabeth-borne-et-la-lutte-contre-lentrisme-islamiste\/#primaryimage"},"thumbnailUrl":"https:\/\/www.la16.fr\/fr\/wp-content\/uploads\/2025\/03\/Elisabeth-Borne-le-15-mars-2023-au-Senat-1607096.jpg","articleSection":["Actu"],"inLanguage":"fr-FR"},{"@type":"WebPage","@id":"https:\/\/www.la16.fr\/fr\/elisabeth-borne-et-la-lutte-contre-lentrisme-islamiste\/","url":"https:\/\/www.la16.fr\/fr\/elisabeth-borne-et-la-lutte-contre-lentrisme-islamiste\/","name":"\u00c9lisabeth Borne et la lutte contre l\u2019entrisme islamiste | LA16.fr en Charente","isPartOf":{"@id":"https:\/\/www.la16.fr\/fr\/#website"},"primaryImageOfPage":{"@id":"https:\/\/www.la16.fr\/fr\/elisabeth-borne-et-la-lutte-contre-lentrisme-islamiste\/#primaryimage"},"image":{"@id":"https:\/\/www.la16.fr\/fr\/elisabeth-borne-et-la-lutte-contre-lentrisme-islamiste\/#primaryimage"},"thumbnailUrl":"https:\/\/www.la16.fr\/fr\/wp-content\/uploads\/2025\/03\/Elisabeth-Borne-le-15-mars-2023-au-Senat-1607096.jpg","datePublished":"2025-03-24T07:41:08+00:00","breadcrumb":{"@id":"https:\/\/www.la16.fr\/fr\/elisabeth-borne-et-la-lutte-contre-lentrisme-islamiste\/#breadcrumb"},"inLanguage":"fr-FR","potentialAction":[{"@type":"ReadAction","target":["https:\/\/www.la16.fr\/fr\/elisabeth-borne-et-la-lutte-contre-lentrisme-islamiste\/"]}]},{"@type":"ImageObject","inLanguage":"fr-FR","@id":"https:\/\/www.la16.fr\/fr\/elisabeth-borne-et-la-lutte-contre-lentrisme-islamiste\/#primaryimage","url":"https:\/\/www.la16.fr\/fr\/wp-content\/uploads\/2025\/03\/Elisabeth-Borne-le-15-mars-2023-au-Senat-1607096.jpg","contentUrl":"https:\/\/www.la16.fr\/fr\/wp-content\/uploads\/2025\/03\/Elisabeth-Borne-le-15-mars-2023-au-Senat-1607096.jpg","width":1024,"height":576},{"@type":"BreadcrumbList","@id":"https:\/\/www.la16.fr\/fr\/elisabeth-borne-et-la-lutte-contre-lentrisme-islamiste\/#breadcrumb","itemListElement":[{"@type":"ListItem","position":1,"name":"Accueil","item":"https:\/\/www.la16.fr\/fr\/"},{"@type":"ListItem","position":2,"name":"\u00c9lisabeth Borne et la lutte contre l\u2019entrisme islamiste"}]},{"@type":"WebSite","@id":"https:\/\/www.la16.fr\/fr\/#website","url":"https:\/\/www.la16.fr\/fr\/","name":"LA16.fr en Charente","description":"","publisher":{"@id":"https:\/\/www.la16.fr\/fr\/#organization"},"potentialAction":[{"@type":"SearchAction","target":{"@type":"EntryPoint","urlTemplate":"https:\/\/www.la16.fr\/fr\/?s={search_term_string}"},"query-input":{"@type":"PropertyValueSpecification","valueRequired":true,"valueName":"search_term_string"}}],"inLanguage":"fr-FR"},{"@type":"Organization","@id":"https:\/\/www.la16.fr\/fr\/#organization","name":"LA16","url":"https:\/\/www.la16.fr\/fr\/","logo":{"@type":"ImageObject","inLanguage":"fr-FR","@id":"https:\/\/www.la16.fr\/fr\/#\/schema\/logo\/image\/","url":"https:\/\/www.la16.fr\/fr\/wp-content\/uploads\/2021\/08\/logo-2019-vectoriel-ok.png","contentUrl":"https:\/\/www.la16.fr\/fr\/wp-content\/uploads\/2021\/08\/logo-2019-vectoriel-ok.png","width":500,"height":500,"caption":"LA16"},"image":{"@id":"https:\/\/www.la16.fr\/fr\/#\/schema\/logo\/image\/"},"sameAs":["https:\/\/www.facebook.com\/LA16fr","https:\/\/x.com\/La16Fr","https:\/\/www.instagram.com\/la16fr\/","https:\/\/www.youtube.com\/channel\/UCdWiToB8k03CX56jPTUr07A"]},{"@type":"Person","@id":"https:\/\/www.la16.fr\/fr\/#\/schema\/person\/90760501b2f870af521092e33e4ce032","name":"Th\u00e9mis Linet","image":{"@type":"ImageObject","inLanguage":"fr-FR","@id":"https:\/\/secure.gravatar.com\/avatar\/9767aacc5c765bfd4b9e097f84eefb4833c03aa2c0436894a88ce7bb20160c6e?s=96&d=blank&r=g","url":"https:\/\/secure.gravatar.com\/avatar\/9767aacc5c765bfd4b9e097f84eefb4833c03aa2c0436894a88ce7bb20160c6e?s=96&d=blank&r=g","contentUrl":"https:\/\/secure.gravatar.com\/avatar\/9767aacc5c765bfd4b9e097f84eefb4833c03aa2c0436894a88ce7bb20160c6e?s=96&d=blank&r=g","caption":"Th\u00e9mis Linet"},"url":"https:\/\/www.la16.fr\/fr\/author\/themis\/"}]}},"_links":{"self":[{"href":"https:\/\/www.la16.fr\/fr\/wp-json\/wp\/v2\/posts\/24337","targetHints":{"allow":["GET"]}}],"collection":[{"href":"https:\/\/www.la16.fr\/fr\/wp-json\/wp\/v2\/posts"}],"about":[{"href":"https:\/\/www.la16.fr\/fr\/wp-json\/wp\/v2\/types\/post"}],"author":[{"embeddable":true,"href":"https:\/\/www.la16.fr\/fr\/wp-json\/wp\/v2\/users\/9"}],"replies":[{"embeddable":true,"href":"https:\/\/www.la16.fr\/fr\/wp-json\/wp\/v2\/comments?post=24337"}],"version-history":[{"count":1,"href":"https:\/\/www.la16.fr\/fr\/wp-json\/wp\/v2\/posts\/24337\/revisions"}],"predecessor-version":[{"id":24339,"href":"https:\/\/www.la16.fr\/fr\/wp-json\/wp\/v2\/posts\/24337\/revisions\/24339"}],"wp:featuredmedia":[{"embeddable":true,"href":"https:\/\/www.la16.fr\/fr\/wp-json\/wp\/v2\/media\/24338"}],"wp:attachment":[{"href":"https:\/\/www.la16.fr\/fr\/wp-json\/wp\/v2\/media?parent=24337"}],"wp:term":[{"taxonomy":"category","embeddable":true,"href":"https:\/\/www.la16.fr\/fr\/wp-json\/wp\/v2\/categories?post=24337"},{"taxonomy":"post_tag","embeddable":true,"href":"https:\/\/www.la16.fr\/fr\/wp-json\/wp\/v2\/tags?post=24337"}],"curies":[{"name":"wp","href":"https:\/\/api.w.org\/{rel}","templated":true}]}}