{"id":24342,"date":"2025-04-01T18:57:52","date_gmt":"2025-04-01T16:57:52","guid":{"rendered":"https:\/\/www.la16.fr\/fr\/?p=24342"},"modified":"2025-04-01T18:58:04","modified_gmt":"2025-04-01T16:58:04","slug":"marine-le-pen-condamnee-lineligibilite-quelle-defendait-se-retourne-contre-elle","status":"publish","type":"post","link":"https:\/\/www.la16.fr\/fr\/marine-le-pen-condamnee-lineligibilite-quelle-defendait-se-retourne-contre-elle\/","title":{"rendered":"Marine Le Pen condamn\u00e9e : l\u2019in\u00e9ligibilit\u00e9 qu\u2019elle d\u00e9fendait se retourne contre elle."},"content":{"rendered":"<div id=\"modal-ready\"><p><img decoding=\"async\" class=\"size-medium wp-image-24343 alignleft\" src=\"https:\/\/www.la16.fr\/fr\/wp-content\/uploads\/2025\/04\/lepen-facho-400x240.webp\" alt=\"\" width=\"400\" height=\"240\" srcset=\"https:\/\/www.la16.fr\/fr\/wp-content\/uploads\/2025\/04\/lepen-facho-400x240.webp 400w, https:\/\/www.la16.fr\/fr\/wp-content\/uploads\/2025\/04\/lepen-facho-768x461.webp 768w, https:\/\/www.la16.fr\/fr\/wp-content\/uploads\/2025\/04\/lepen-facho.webp 770w\" sizes=\"(max-width: 400px) 100vw, 400px\" \/>Le tribunal correctionnel de Paris a condamn\u00e9 Marine Le Pen ce 31 mars 2025. La Pr\u00e9sidente du Rassemblement National (RN) est condamn\u00e9e \u00e0, quatre ans de prison, dont deux ans fermes am\u00e9nageables sous bracelet \u00e9lectronique, ainsi qu&rsquo;\u00e0 une amende de 100 000 euros. La peine est assortie d&rsquo;une interdiction d&rsquo;exercer une fonction publique pendant cinq ans, avec ex\u00e9cution imm\u00e9diate, emp\u00eachant ainsi Mme Le Pen de se pr\u00e9senter \u00e0 l&rsquo;\u00e9lection pr\u00e9sidentielle de 2027.<\/p>\n<p>Cette condamnation fait suite \u00e0 l&rsquo;affaire des assistants parlementaires europ\u00e9ens, dans laquelle Mme Le Pen et plusieurs membres du RN ont \u00e9t\u00e9 reconnus coupables d&rsquo;avoir d\u00e9tourn\u00e9 des fonds du Parlement europ\u00e9en destin\u00e9s \u00e0 r\u00e9mun\u00e9rer des assistants parlementaires, pour un montant estim\u00e9 \u00e0 4,1 millions d&rsquo;euros.<\/p>\n<h2>L\u2019ironie d\u2019un combat pour la moralisation de la vie politique<\/h2>\n<p>Ironie du sort, en 2013, Marine Le Pen plaidait pour une in\u00e9ligibilit\u00e9 \u00e0 vie des \u00e9lus condamn\u00e9s pour des faits commis dans l&rsquo;exercice de leur mandat. Elle d\u00e9clarait alors : \u00ab\u00a0Quand allons-nous mettre en place l\u2019in\u00e9ligibilit\u00e9 \u00e0 vie pour tous ceux qui ont \u00e9t\u00e9 condamn\u00e9s pour des faits commis \u00e0 l\u2019occasion de leur mandat ?\u00a0\u00bb<\/p>\n<div style=\"width: 640px;\" class=\"wp-video\"><!--[if lt IE 9]><script>document.createElement('video');<\/script><![endif]-->\n<video class=\"wp-video-shortcode\" id=\"video-24342-1\" width=\"640\" height=\"356\" preload=\"metadata\" controls=\"controls\"><source type=\"video\/mp4\" src=\"https:\/\/www.la16.fr\/fr\/wp-content\/uploads\/2025\/04\/lepen-quand-allons-nous.mp4?_=1\" \/><a href=\"https:\/\/www.la16.fr\/fr\/wp-content\/uploads\/2025\/04\/lepen-quand-allons-nous.mp4\">https:\/\/www.la16.fr\/fr\/wp-content\/uploads\/2025\/04\/lepen-quand-allons-nous.mp4<\/a><\/video><\/div>\n<p>En r\u00e9action \u00e0 la d\u00e9cision du tribunal, Mme Le Pen a d\u00e9nonc\u00e9 une \u00ab\u00a0d\u00e9cision politique\u00a0\u00bb visant \u00e0 \u00ab\u00a0bloquer d\u00e9lib\u00e9r\u00e9ment\u00a0\u00bb sa candidature pour 2027, affirmant son intention de faire appel. Cependant, l&rsquo;appel n&rsquo;\u00e9tant pas suspensif, l&rsquo;in\u00e9ligibilit\u00e9 demeure effective jusqu&rsquo;\u00e0 une \u00e9ventuelle d\u00e9cision contraire. Jordan Bardella, pr\u00e9sident du RN, a appel\u00e9 \u00e0 une \u00ab\u00a0mobilisation pacifique\u00a0\u00bb en soutien \u00e0 Mme Le Pen, tandis que des figures politiques internationales, telles que Viktor Orb\u00e1n et Matteo Salvini, ont critiqu\u00e9 la sentence.<\/p>\n<\/div>","protected":false},"excerpt":{"rendered":"<p>Le tribunal correctionnel de Paris a condamn\u00e9 Marine Le Pen ce 31 mars 2025. La Pr\u00e9sidente du Rassemblement National (RN) est condamn\u00e9e \u00e0, quatre ans de prison, dont deux ans fermes am\u00e9nageables sous bracelet \u00e9lectronique, ainsi qu&rsquo;\u00e0 une amende de 100 000 euros. La peine est assortie d&rsquo;une interdiction d&rsquo;exercer ...<\/p>\n","protected":false},"author":9,"featured_media":24343,"comment_status":"closed","ping_status":"closed","sticky":false,"template":"","format":"standard","meta":{"footnotes":""},"categories":[154],"tags":[],"class_list":["post-24342","post","type-post","status-publish","format-standard","has-post-thumbnail","hentry","category-actu"],"yoast_head":"<!-- This site is optimized with the Yoast SEO plugin v27.5 - https:\/\/yoast.com\/product\/yoast-seo-wordpress\/ -->\n<title>Marine Le Pen condamn\u00e9e : l\u2019in\u00e9ligibilit\u00e9 qu\u2019elle d\u00e9fendait se retourne contre elle. | LA16.fr en Charente<\/title>\n<meta name=\"robots\" content=\"index, follow, max-snippet:-1, max-image-preview:large, max-video-preview:-1\" \/>\n<link rel=\"canonical\" href=\"https:\/\/www.la16.fr\/fr\/marine-le-pen-condamnee-lineligibilite-quelle-defendait-se-retourne-contre-elle\/\" \/>\n<meta property=\"og:locale\" content=\"fr_FR\" \/>\n<meta property=\"og:type\" content=\"article\" \/>\n<meta property=\"og:title\" content=\"Marine Le Pen condamn\u00e9e : l\u2019in\u00e9ligibilit\u00e9 qu\u2019elle d\u00e9fendait se retourne contre elle. | LA16.fr en Charente\" \/>\n<meta property=\"og:description\" content=\"Le tribunal correctionnel de Paris a condamn\u00e9 Marine Le Pen ce 31 mars 2025. La Pr\u00e9sidente du Rassemblement National (RN) est condamn\u00e9e \u00e0, quatre ans de prison, dont deux ans fermes am\u00e9nageables sous bracelet \u00e9lectronique, ainsi qu&rsquo;\u00e0 une amende de 100 000 euros. La peine est assortie d&rsquo;une interdiction d&rsquo;exercer [...]\" \/>\n<meta property=\"og:url\" content=\"https:\/\/www.la16.fr\/fr\/marine-le-pen-condamnee-lineligibilite-quelle-defendait-se-retourne-contre-elle\/\" \/>\n<meta property=\"og:site_name\" content=\"LA16.fr en Charente\" \/>\n<meta property=\"article:publisher\" content=\"https:\/\/www.facebook.com\/LA16fr\" \/>\n<meta property=\"article:published_time\" content=\"2025-04-01T16:57:52+00:00\" \/>\n<meta property=\"article:modified_time\" content=\"2025-04-01T16:58:04+00:00\" \/>\n<meta property=\"og:image\" content=\"https:\/\/www.la16.fr\/fr\/wp-content\/uploads\/2025\/04\/lepen-facho.webp\" \/>\n\t<meta property=\"og:image:width\" content=\"770\" \/>\n\t<meta property=\"og:image:height\" content=\"462\" \/>\n\t<meta property=\"og:image:type\" content=\"image\/webp\" \/>\n<meta name=\"author\" content=\"Th\u00e9mis Linet\" \/>\n<meta name=\"twitter:card\" content=\"summary_large_image\" \/>\n<meta name=\"twitter:creator\" content=\"@La16Fr\" \/>\n<meta name=\"twitter:site\" content=\"@La16Fr\" \/>\n<meta name=\"twitter:label1\" content=\"\u00c9crit par\" \/>\n\t<meta name=\"twitter:data1\" content=\"Th\u00e9mis Linet\" \/>\n\t<meta name=\"twitter:label2\" content=\"Dur\u00e9e de lecture estim\u00e9e\" \/>\n\t<meta name=\"twitter:data2\" content=\"1 minute\" \/>\n<script type=\"application\/ld+json\" class=\"yoast-schema-graph\">{\"@context\":\"https:\\\/\\\/schema.org\",\"@graph\":[{\"@type\":\"Article\",\"@id\":\"https:\\\/\\\/www.la16.fr\\\/fr\\\/marine-le-pen-condamnee-lineligibilite-quelle-defendait-se-retourne-contre-elle\\\/#article\",\"isPartOf\":{\"@id\":\"https:\\\/\\\/www.la16.fr\\\/fr\\\/marine-le-pen-condamnee-lineligibilite-quelle-defendait-se-retourne-contre-elle\\\/\"},\"author\":{\"name\":\"Th\u00e9mis Linet\",\"@id\":\"https:\\\/\\\/www.la16.fr\\\/fr\\\/#\\\/schema\\\/person\\\/90760501b2f870af521092e33e4ce032\"},\"headline\":\"Marine Le Pen condamn\u00e9e : l\u2019in\u00e9ligibilit\u00e9 qu\u2019elle d\u00e9fendait se retourne contre elle.\",\"datePublished\":\"2025-04-01T16:57:52+00:00\",\"dateModified\":\"2025-04-01T16:58:04+00:00\",\"mainEntityOfPage\":{\"@id\":\"https:\\\/\\\/www.la16.fr\\\/fr\\\/marine-le-pen-condamnee-lineligibilite-quelle-defendait-se-retourne-contre-elle\\\/\"},\"wordCount\":310,\"publisher\":{\"@id\":\"https:\\\/\\\/www.la16.fr\\\/fr\\\/#organization\"},\"image\":{\"@id\":\"https:\\\/\\\/www.la16.fr\\\/fr\\\/marine-le-pen-condamnee-lineligibilite-quelle-defendait-se-retourne-contre-elle\\\/#primaryimage\"},\"thumbnailUrl\":\"https:\\\/\\\/www.la16.fr\\\/fr\\\/wp-content\\\/uploads\\\/2025\\\/04\\\/lepen-facho.webp\",\"articleSection\":[\"Actu\"],\"inLanguage\":\"fr-FR\"},{\"@type\":\"WebPage\",\"@id\":\"https:\\\/\\\/www.la16.fr\\\/fr\\\/marine-le-pen-condamnee-lineligibilite-quelle-defendait-se-retourne-contre-elle\\\/\",\"url\":\"https:\\\/\\\/www.la16.fr\\\/fr\\\/marine-le-pen-condamnee-lineligibilite-quelle-defendait-se-retourne-contre-elle\\\/\",\"name\":\"Marine Le Pen condamn\u00e9e : l\u2019in\u00e9ligibilit\u00e9 qu\u2019elle d\u00e9fendait se retourne contre elle. | LA16.fr en Charente\",\"isPartOf\":{\"@id\":\"https:\\\/\\\/www.la16.fr\\\/fr\\\/#website\"},\"primaryImageOfPage\":{\"@id\":\"https:\\\/\\\/www.la16.fr\\\/fr\\\/marine-le-pen-condamnee-lineligibilite-quelle-defendait-se-retourne-contre-elle\\\/#primaryimage\"},\"image\":{\"@id\":\"https:\\\/\\\/www.la16.fr\\\/fr\\\/marine-le-pen-condamnee-lineligibilite-quelle-defendait-se-retourne-contre-elle\\\/#primaryimage\"},\"thumbnailUrl\":\"https:\\\/\\\/www.la16.fr\\\/fr\\\/wp-content\\\/uploads\\\/2025\\\/04\\\/lepen-facho.webp\",\"datePublished\":\"2025-04-01T16:57:52+00:00\",\"dateModified\":\"2025-04-01T16:58:04+00:00\",\"breadcrumb\":{\"@id\":\"https:\\\/\\\/www.la16.fr\\\/fr\\\/marine-le-pen-condamnee-lineligibilite-quelle-defendait-se-retourne-contre-elle\\\/#breadcrumb\"},\"inLanguage\":\"fr-FR\",\"potentialAction\":[{\"@type\":\"ReadAction\",\"target\":[\"https:\\\/\\\/www.la16.fr\\\/fr\\\/marine-le-pen-condamnee-lineligibilite-quelle-defendait-se-retourne-contre-elle\\\/\"]}]},{\"@type\":\"ImageObject\",\"inLanguage\":\"fr-FR\",\"@id\":\"https:\\\/\\\/www.la16.fr\\\/fr\\\/marine-le-pen-condamnee-lineligibilite-quelle-defendait-se-retourne-contre-elle\\\/#primaryimage\",\"url\":\"https:\\\/\\\/www.la16.fr\\\/fr\\\/wp-content\\\/uploads\\\/2025\\\/04\\\/lepen-facho.webp\",\"contentUrl\":\"https:\\\/\\\/www.la16.fr\\\/fr\\\/wp-content\\\/uploads\\\/2025\\\/04\\\/lepen-facho.webp\",\"width\":770,\"height\":462},{\"@type\":\"BreadcrumbList\",\"@id\":\"https:\\\/\\\/www.la16.fr\\\/fr\\\/marine-le-pen-condamnee-lineligibilite-quelle-defendait-se-retourne-contre-elle\\\/#breadcrumb\",\"itemListElement\":[{\"@type\":\"ListItem\",\"position\":1,\"name\":\"Accueil\",\"item\":\"https:\\\/\\\/www.la16.fr\\\/fr\\\/\"},{\"@type\":\"ListItem\",\"position\":2,\"name\":\"Marine Le Pen condamn\u00e9e : l\u2019in\u00e9ligibilit\u00e9 qu\u2019elle d\u00e9fendait se retourne contre elle.\"}]},{\"@type\":\"WebSite\",\"@id\":\"https:\\\/\\\/www.la16.fr\\\/fr\\\/#website\",\"url\":\"https:\\\/\\\/www.la16.fr\\\/fr\\\/\",\"name\":\"LA16.fr en Charente\",\"description\":\"\",\"publisher\":{\"@id\":\"https:\\\/\\\/www.la16.fr\\\/fr\\\/#organization\"},\"potentialAction\":[{\"@type\":\"SearchAction\",\"target\":{\"@type\":\"EntryPoint\",\"urlTemplate\":\"https:\\\/\\\/www.la16.fr\\\/fr\\\/?s={search_term_string}\"},\"query-input\":{\"@type\":\"PropertyValueSpecification\",\"valueRequired\":true,\"valueName\":\"search_term_string\"}}],\"inLanguage\":\"fr-FR\"},{\"@type\":\"Organization\",\"@id\":\"https:\\\/\\\/www.la16.fr\\\/fr\\\/#organization\",\"name\":\"LA16\",\"url\":\"https:\\\/\\\/www.la16.fr\\\/fr\\\/\",\"logo\":{\"@type\":\"ImageObject\",\"inLanguage\":\"fr-FR\",\"@id\":\"https:\\\/\\\/www.la16.fr\\\/fr\\\/#\\\/schema\\\/logo\\\/image\\\/\",\"url\":\"https:\\\/\\\/www.la16.fr\\\/fr\\\/wp-content\\\/uploads\\\/2021\\\/08\\\/logo-2019-vectoriel-ok.png\",\"contentUrl\":\"https:\\\/\\\/www.la16.fr\\\/fr\\\/wp-content\\\/uploads\\\/2021\\\/08\\\/logo-2019-vectoriel-ok.png\",\"width\":500,\"height\":500,\"caption\":\"LA16\"},\"image\":{\"@id\":\"https:\\\/\\\/www.la16.fr\\\/fr\\\/#\\\/schema\\\/logo\\\/image\\\/\"},\"sameAs\":[\"https:\\\/\\\/www.facebook.com\\\/LA16fr\",\"https:\\\/\\\/x.com\\\/La16Fr\",\"https:\\\/\\\/www.instagram.com\\\/la16fr\\\/\",\"https:\\\/\\\/www.youtube.com\\\/channel\\\/UCdWiToB8k03CX56jPTUr07A\"]},{\"@type\":\"Person\",\"@id\":\"https:\\\/\\\/www.la16.fr\\\/fr\\\/#\\\/schema\\\/person\\\/90760501b2f870af521092e33e4ce032\",\"name\":\"Th\u00e9mis Linet\",\"image\":{\"@type\":\"ImageObject\",\"inLanguage\":\"fr-FR\",\"@id\":\"https:\\\/\\\/secure.gravatar.com\\\/avatar\\\/9767aacc5c765bfd4b9e097f84eefb4833c03aa2c0436894a88ce7bb20160c6e?s=96&d=blank&r=g\",\"url\":\"https:\\\/\\\/secure.gravatar.com\\\/avatar\\\/9767aacc5c765bfd4b9e097f84eefb4833c03aa2c0436894a88ce7bb20160c6e?s=96&d=blank&r=g\",\"contentUrl\":\"https:\\\/\\\/secure.gravatar.com\\\/avatar\\\/9767aacc5c765bfd4b9e097f84eefb4833c03aa2c0436894a88ce7bb20160c6e?s=96&d=blank&r=g\",\"caption\":\"Th\u00e9mis Linet\"},\"url\":\"https:\\\/\\\/www.la16.fr\\\/fr\\\/author\\\/themis\\\/\"}]}<\/script>\n<!-- \/ Yoast SEO plugin. -->","yoast_head_json":{"title":"Marine Le Pen condamn\u00e9e : l\u2019in\u00e9ligibilit\u00e9 qu\u2019elle d\u00e9fendait se retourne contre elle. | LA16.fr en Charente","robots":{"index":"index","follow":"follow","max-snippet":"max-snippet:-1","max-image-preview":"max-image-preview:large","max-video-preview":"max-video-preview:-1"},"canonical":"https:\/\/www.la16.fr\/fr\/marine-le-pen-condamnee-lineligibilite-quelle-defendait-se-retourne-contre-elle\/","og_locale":"fr_FR","og_type":"article","og_title":"Marine Le Pen condamn\u00e9e : l\u2019in\u00e9ligibilit\u00e9 qu\u2019elle d\u00e9fendait se retourne contre elle. | LA16.fr en Charente","og_description":"Le tribunal correctionnel de Paris a condamn\u00e9 Marine Le Pen ce 31 mars 2025. La Pr\u00e9sidente du Rassemblement National (RN) est condamn\u00e9e \u00e0, quatre ans de prison, dont deux ans fermes am\u00e9nageables sous bracelet \u00e9lectronique, ainsi qu&rsquo;\u00e0 une amende de 100 000 euros. La peine est assortie d&rsquo;une interdiction d&rsquo;exercer [...]","og_url":"https:\/\/www.la16.fr\/fr\/marine-le-pen-condamnee-lineligibilite-quelle-defendait-se-retourne-contre-elle\/","og_site_name":"LA16.fr en Charente","article_publisher":"https:\/\/www.facebook.com\/LA16fr","article_published_time":"2025-04-01T16:57:52+00:00","article_modified_time":"2025-04-01T16:58:04+00:00","og_image":[{"width":770,"height":462,"url":"https:\/\/www.la16.fr\/fr\/wp-content\/uploads\/2025\/04\/lepen-facho.webp","type":"image\/webp"}],"author":"Th\u00e9mis Linet","twitter_card":"summary_large_image","twitter_creator":"@La16Fr","twitter_site":"@La16Fr","twitter_misc":{"\u00c9crit par":"Th\u00e9mis Linet","Dur\u00e9e de lecture estim\u00e9e":"1 minute"},"schema":{"@context":"https:\/\/schema.org","@graph":[{"@type":"Article","@id":"https:\/\/www.la16.fr\/fr\/marine-le-pen-condamnee-lineligibilite-quelle-defendait-se-retourne-contre-elle\/#article","isPartOf":{"@id":"https:\/\/www.la16.fr\/fr\/marine-le-pen-condamnee-lineligibilite-quelle-defendait-se-retourne-contre-elle\/"},"author":{"name":"Th\u00e9mis Linet","@id":"https:\/\/www.la16.fr\/fr\/#\/schema\/person\/90760501b2f870af521092e33e4ce032"},"headline":"Marine Le Pen condamn\u00e9e : l\u2019in\u00e9ligibilit\u00e9 qu\u2019elle d\u00e9fendait se retourne contre elle.","datePublished":"2025-04-01T16:57:52+00:00","dateModified":"2025-04-01T16:58:04+00:00","mainEntityOfPage":{"@id":"https:\/\/www.la16.fr\/fr\/marine-le-pen-condamnee-lineligibilite-quelle-defendait-se-retourne-contre-elle\/"},"wordCount":310,"publisher":{"@id":"https:\/\/www.la16.fr\/fr\/#organization"},"image":{"@id":"https:\/\/www.la16.fr\/fr\/marine-le-pen-condamnee-lineligibilite-quelle-defendait-se-retourne-contre-elle\/#primaryimage"},"thumbnailUrl":"https:\/\/www.la16.fr\/fr\/wp-content\/uploads\/2025\/04\/lepen-facho.webp","articleSection":["Actu"],"inLanguage":"fr-FR"},{"@type":"WebPage","@id":"https:\/\/www.la16.fr\/fr\/marine-le-pen-condamnee-lineligibilite-quelle-defendait-se-retourne-contre-elle\/","url":"https:\/\/www.la16.fr\/fr\/marine-le-pen-condamnee-lineligibilite-quelle-defendait-se-retourne-contre-elle\/","name":"Marine Le Pen condamn\u00e9e : l\u2019in\u00e9ligibilit\u00e9 qu\u2019elle d\u00e9fendait se retourne contre elle. | LA16.fr en Charente","isPartOf":{"@id":"https:\/\/www.la16.fr\/fr\/#website"},"primaryImageOfPage":{"@id":"https:\/\/www.la16.fr\/fr\/marine-le-pen-condamnee-lineligibilite-quelle-defendait-se-retourne-contre-elle\/#primaryimage"},"image":{"@id":"https:\/\/www.la16.fr\/fr\/marine-le-pen-condamnee-lineligibilite-quelle-defendait-se-retourne-contre-elle\/#primaryimage"},"thumbnailUrl":"https:\/\/www.la16.fr\/fr\/wp-content\/uploads\/2025\/04\/lepen-facho.webp","datePublished":"2025-04-01T16:57:52+00:00","dateModified":"2025-04-01T16:58:04+00:00","breadcrumb":{"@id":"https:\/\/www.la16.fr\/fr\/marine-le-pen-condamnee-lineligibilite-quelle-defendait-se-retourne-contre-elle\/#breadcrumb"},"inLanguage":"fr-FR","potentialAction":[{"@type":"ReadAction","target":["https:\/\/www.la16.fr\/fr\/marine-le-pen-condamnee-lineligibilite-quelle-defendait-se-retourne-contre-elle\/"]}]},{"@type":"ImageObject","inLanguage":"fr-FR","@id":"https:\/\/www.la16.fr\/fr\/marine-le-pen-condamnee-lineligibilite-quelle-defendait-se-retourne-contre-elle\/#primaryimage","url":"https:\/\/www.la16.fr\/fr\/wp-content\/uploads\/2025\/04\/lepen-facho.webp","contentUrl":"https:\/\/www.la16.fr\/fr\/wp-content\/uploads\/2025\/04\/lepen-facho.webp","width":770,"height":462},{"@type":"BreadcrumbList","@id":"https:\/\/www.la16.fr\/fr\/marine-le-pen-condamnee-lineligibilite-quelle-defendait-se-retourne-contre-elle\/#breadcrumb","itemListElement":[{"@type":"ListItem","position":1,"name":"Accueil","item":"https:\/\/www.la16.fr\/fr\/"},{"@type":"ListItem","position":2,"name":"Marine Le Pen condamn\u00e9e : l\u2019in\u00e9ligibilit\u00e9 qu\u2019elle d\u00e9fendait se retourne contre elle."}]},{"@type":"WebSite","@id":"https:\/\/www.la16.fr\/fr\/#website","url":"https:\/\/www.la16.fr\/fr\/","name":"LA16.fr en Charente","description":"","publisher":{"@id":"https:\/\/www.la16.fr\/fr\/#organization"},"potentialAction":[{"@type":"SearchAction","target":{"@type":"EntryPoint","urlTemplate":"https:\/\/www.la16.fr\/fr\/?s={search_term_string}"},"query-input":{"@type":"PropertyValueSpecification","valueRequired":true,"valueName":"search_term_string"}}],"inLanguage":"fr-FR"},{"@type":"Organization","@id":"https:\/\/www.la16.fr\/fr\/#organization","name":"LA16","url":"https:\/\/www.la16.fr\/fr\/","logo":{"@type":"ImageObject","inLanguage":"fr-FR","@id":"https:\/\/www.la16.fr\/fr\/#\/schema\/logo\/image\/","url":"https:\/\/www.la16.fr\/fr\/wp-content\/uploads\/2021\/08\/logo-2019-vectoriel-ok.png","contentUrl":"https:\/\/www.la16.fr\/fr\/wp-content\/uploads\/2021\/08\/logo-2019-vectoriel-ok.png","width":500,"height":500,"caption":"LA16"},"image":{"@id":"https:\/\/www.la16.fr\/fr\/#\/schema\/logo\/image\/"},"sameAs":["https:\/\/www.facebook.com\/LA16fr","https:\/\/x.com\/La16Fr","https:\/\/www.instagram.com\/la16fr\/","https:\/\/www.youtube.com\/channel\/UCdWiToB8k03CX56jPTUr07A"]},{"@type":"Person","@id":"https:\/\/www.la16.fr\/fr\/#\/schema\/person\/90760501b2f870af521092e33e4ce032","name":"Th\u00e9mis Linet","image":{"@type":"ImageObject","inLanguage":"fr-FR","@id":"https:\/\/secure.gravatar.com\/avatar\/9767aacc5c765bfd4b9e097f84eefb4833c03aa2c0436894a88ce7bb20160c6e?s=96&d=blank&r=g","url":"https:\/\/secure.gravatar.com\/avatar\/9767aacc5c765bfd4b9e097f84eefb4833c03aa2c0436894a88ce7bb20160c6e?s=96&d=blank&r=g","contentUrl":"https:\/\/secure.gravatar.com\/avatar\/9767aacc5c765bfd4b9e097f84eefb4833c03aa2c0436894a88ce7bb20160c6e?s=96&d=blank&r=g","caption":"Th\u00e9mis Linet"},"url":"https:\/\/www.la16.fr\/fr\/author\/themis\/"}]}},"_links":{"self":[{"href":"https:\/\/www.la16.fr\/fr\/wp-json\/wp\/v2\/posts\/24342","targetHints":{"allow":["GET"]}}],"collection":[{"href":"https:\/\/www.la16.fr\/fr\/wp-json\/wp\/v2\/posts"}],"about":[{"href":"https:\/\/www.la16.fr\/fr\/wp-json\/wp\/v2\/types\/post"}],"author":[{"embeddable":true,"href":"https:\/\/www.la16.fr\/fr\/wp-json\/wp\/v2\/users\/9"}],"replies":[{"embeddable":true,"href":"https:\/\/www.la16.fr\/fr\/wp-json\/wp\/v2\/comments?post=24342"}],"version-history":[{"count":1,"href":"https:\/\/www.la16.fr\/fr\/wp-json\/wp\/v2\/posts\/24342\/revisions"}],"predecessor-version":[{"id":24345,"href":"https:\/\/www.la16.fr\/fr\/wp-json\/wp\/v2\/posts\/24342\/revisions\/24345"}],"wp:featuredmedia":[{"embeddable":true,"href":"https:\/\/www.la16.fr\/fr\/wp-json\/wp\/v2\/media\/24343"}],"wp:attachment":[{"href":"https:\/\/www.la16.fr\/fr\/wp-json\/wp\/v2\/media?parent=24342"}],"wp:term":[{"taxonomy":"category","embeddable":true,"href":"https:\/\/www.la16.fr\/fr\/wp-json\/wp\/v2\/categories?post=24342"},{"taxonomy":"post_tag","embeddable":true,"href":"https:\/\/www.la16.fr\/fr\/wp-json\/wp\/v2\/tags?post=24342"}],"curies":[{"name":"wp","href":"https:\/\/api.w.org\/{rel}","templated":true}]}}