{"id":24371,"date":"2025-04-20T14:44:46","date_gmt":"2025-04-20T12:44:46","guid":{"rendered":"https:\/\/www.la16.fr\/fr\/?p=24371"},"modified":"2025-04-20T14:44:46","modified_gmt":"2025-04-20T12:44:46","slug":"%f0%9f%8e%99%ef%b8%8f-la16-solidaire-du-secteur-culturel-charentais-%f0%9f%8e%99%ef%b8%8f","status":"publish","type":"post","link":"https:\/\/www.la16.fr\/fr\/%f0%9f%8e%99%ef%b8%8f-la16-solidaire-du-secteur-culturel-charentais-%f0%9f%8e%99%ef%b8%8f\/","title":{"rendered":"\ud83c\udf99\ufe0f LA16 solidaire du secteur culturel charentais \ud83c\udf99\ufe0f"},"content":{"rendered":"<div id=\"modal-ready\"><p class=\"\" data-start=\"97\" data-end=\"279\"><img decoding=\"async\" class=\"size-medium wp-image-24372 alignleft\" src=\"https:\/\/www.la16.fr\/fr\/wp-content\/uploads\/2025\/04\/491591637_1582067702734649_1242824588156615798_n-400x400.jpg\" alt=\"\" width=\"400\" height=\"400\" srcset=\"https:\/\/www.la16.fr\/fr\/wp-content\/uploads\/2025\/04\/491591637_1582067702734649_1242824588156615798_n-400x400.jpg 400w, https:\/\/www.la16.fr\/fr\/wp-content\/uploads\/2025\/04\/491591637_1582067702734649_1242824588156615798_n-150x150.jpg 150w, https:\/\/www.la16.fr\/fr\/wp-content\/uploads\/2025\/04\/491591637_1582067702734649_1242824588156615798_n-768x768.jpg 768w, https:\/\/www.la16.fr\/fr\/wp-content\/uploads\/2025\/04\/491591637_1582067702734649_1242824588156615798_n-100x100.jpg 100w, https:\/\/www.la16.fr\/fr\/wp-content\/uploads\/2025\/04\/491591637_1582067702734649_1242824588156615798_n-370x370.jpg 370w, https:\/\/www.la16.fr\/fr\/wp-content\/uploads\/2025\/04\/491591637_1582067702734649_1242824588156615798_n.jpg 1080w\" sizes=\"(max-width: 400px) 100vw, 400px\" \/>Le 15 avril dernier, le Conseil D\u00e9partemental de la Charente n\u2019a pas vot\u00e9 son budget. Cette situation in\u00e9dite et pr\u00e9occupante plonge de nombreux acteurs culturels dans l\u2019incertitude.<\/p>\n<p class=\"\" data-start=\"281\" data-end=\"429\">Festivals, lieux de diffusion, compagnies, associations\u2026 Tous s\u2019interrogent sur l\u2019avenir de leurs projets et sur la p\u00e9rennit\u00e9 de leurs financements.<\/p>\n<p class=\"\" data-start=\"431\" data-end=\"744\">\u00c0 LA16, radio associative ancr\u00e9e sur son territoire, nous affirmons notre <strong data-start=\"505\" data-end=\"553\">solidarit\u00e9 avec le monde culturel charentais<\/strong>. Parce que la culture fait battre le c\u0153ur de nos communes, parce qu\u2019elle cr\u00e9e du lien, de la joie, du d\u00e9bat et de l\u2019imaginaire, nous esp\u00e9rons qu\u2019une issue rapide et responsable sera trouv\u00e9e.<\/p>\n<p class=\"\" data-start=\"746\" data-end=\"800\">#CultureEnDanger #Charente #Solidarit\u00e9Culturelle #LA16<\/p>\n<\/div>","protected":false},"excerpt":{"rendered":"<p>Le 15 avril dernier, le Conseil D\u00e9partemental de la Charente n\u2019a pas vot\u00e9 son budget. Cette situation in\u00e9dite et pr\u00e9occupante plonge de nombreux acteurs culturels dans l\u2019incertitude. Festivals, lieux de diffusion, compagnies, associations\u2026 Tous s\u2019interrogent sur l\u2019avenir de leurs projets et sur la p\u00e9rennit\u00e9 de leurs financements. \u00c0 LA16, radio ...<\/p>\n","protected":false},"author":1,"featured_media":24372,"comment_status":"closed","ping_status":"closed","sticky":false,"template":"","format":"standard","meta":{"footnotes":""},"categories":[154],"tags":[],"class_list":["post-24371","post","type-post","status-publish","format-standard","has-post-thumbnail","hentry","category-actu"],"yoast_head":"<!-- This site is optimized with the Yoast SEO plugin v27.5 - https:\/\/yoast.com\/product\/yoast-seo-wordpress\/ -->\n<title>\ud83c\udf99\ufe0f LA16 solidaire du secteur culturel charentais \ud83c\udf99\ufe0f | LA16.fr en Charente<\/title>\n<meta name=\"robots\" content=\"index, follow, max-snippet:-1, max-image-preview:large, max-video-preview:-1\" \/>\n<link rel=\"canonical\" href=\"https:\/\/www.la16.fr\/fr\/\ud83c\udf99\ufe0f-la16-solidaire-du-secteur-culturel-charentais-\ud83c\udf99\ufe0f\/\" \/>\n<meta property=\"og:locale\" content=\"fr_FR\" \/>\n<meta property=\"og:type\" content=\"article\" \/>\n<meta property=\"og:title\" content=\"\ud83c\udf99\ufe0f LA16 solidaire du secteur culturel charentais \ud83c\udf99\ufe0f | LA16.fr en Charente\" \/>\n<meta property=\"og:description\" content=\"Le 15 avril dernier, le Conseil D\u00e9partemental de la Charente n\u2019a pas vot\u00e9 son budget. Cette situation in\u00e9dite et pr\u00e9occupante plonge de nombreux acteurs culturels dans l\u2019incertitude. Festivals, lieux de diffusion, compagnies, associations\u2026 Tous s\u2019interrogent sur l\u2019avenir de leurs projets et sur la p\u00e9rennit\u00e9 de leurs financements. \u00c0 LA16, radio [...]\" \/>\n<meta property=\"og:url\" content=\"https:\/\/www.la16.fr\/fr\/\ud83c\udf99\ufe0f-la16-solidaire-du-secteur-culturel-charentais-\ud83c\udf99\ufe0f\/\" \/>\n<meta property=\"og:site_name\" content=\"LA16.fr en Charente\" \/>\n<meta property=\"article:publisher\" content=\"https:\/\/www.facebook.com\/LA16fr\" \/>\n<meta property=\"article:published_time\" content=\"2025-04-20T12:44:46+00:00\" \/>\n<meta property=\"og:image\" content=\"https:\/\/www.la16.fr\/fr\/wp-content\/uploads\/2025\/04\/491591637_1582067702734649_1242824588156615798_n.jpg\" \/>\n\t<meta property=\"og:image:width\" content=\"1080\" \/>\n\t<meta property=\"og:image:height\" content=\"1080\" \/>\n\t<meta property=\"og:image:type\" content=\"image\/jpeg\" \/>\n<meta name=\"author\" content=\"la16\" \/>\n<meta name=\"twitter:card\" content=\"summary_large_image\" \/>\n<meta name=\"twitter:creator\" content=\"@La16Fr\" \/>\n<meta name=\"twitter:site\" content=\"@La16Fr\" \/>\n<meta name=\"twitter:label1\" content=\"\u00c9crit par\" \/>\n\t<meta name=\"twitter:data1\" content=\"la16\" \/>\n\t<meta name=\"twitter:label2\" content=\"Dur\u00e9e de lecture estim\u00e9e\" \/>\n\t<meta name=\"twitter:data2\" content=\"1 minute\" \/>\n<script type=\"application\/ld+json\" class=\"yoast-schema-graph\">{\"@context\":\"https:\\\/\\\/schema.org\",\"@graph\":[{\"@type\":\"Article\",\"@id\":\"https:\\\/\\\/www.la16.fr\\\/fr\\\/%f0%9f%8e%99%ef%b8%8f-la16-solidaire-du-secteur-culturel-charentais-%f0%9f%8e%99%ef%b8%8f\\\/#article\",\"isPartOf\":{\"@id\":\"https:\\\/\\\/www.la16.fr\\\/fr\\\/%f0%9f%8e%99%ef%b8%8f-la16-solidaire-du-secteur-culturel-charentais-%f0%9f%8e%99%ef%b8%8f\\\/\"},\"author\":{\"name\":\"la16\",\"@id\":\"https:\\\/\\\/www.la16.fr\\\/fr\\\/#\\\/schema\\\/person\\\/a9a844cf12216c0f3cefdc5c9a6cafd3\"},\"headline\":\"\ud83c\udf99\ufe0f LA16 solidaire du secteur culturel charentais \ud83c\udf99\ufe0f\",\"datePublished\":\"2025-04-20T12:44:46+00:00\",\"mainEntityOfPage\":{\"@id\":\"https:\\\/\\\/www.la16.fr\\\/fr\\\/%f0%9f%8e%99%ef%b8%8f-la16-solidaire-du-secteur-culturel-charentais-%f0%9f%8e%99%ef%b8%8f\\\/\"},\"wordCount\":123,\"publisher\":{\"@id\":\"https:\\\/\\\/www.la16.fr\\\/fr\\\/#organization\"},\"image\":{\"@id\":\"https:\\\/\\\/www.la16.fr\\\/fr\\\/%f0%9f%8e%99%ef%b8%8f-la16-solidaire-du-secteur-culturel-charentais-%f0%9f%8e%99%ef%b8%8f\\\/#primaryimage\"},\"thumbnailUrl\":\"https:\\\/\\\/www.la16.fr\\\/fr\\\/wp-content\\\/uploads\\\/2025\\\/04\\\/491591637_1582067702734649_1242824588156615798_n.jpg\",\"articleSection\":[\"Actu\"],\"inLanguage\":\"fr-FR\"},{\"@type\":\"WebPage\",\"@id\":\"https:\\\/\\\/www.la16.fr\\\/fr\\\/%f0%9f%8e%99%ef%b8%8f-la16-solidaire-du-secteur-culturel-charentais-%f0%9f%8e%99%ef%b8%8f\\\/\",\"url\":\"https:\\\/\\\/www.la16.fr\\\/fr\\\/%f0%9f%8e%99%ef%b8%8f-la16-solidaire-du-secteur-culturel-charentais-%f0%9f%8e%99%ef%b8%8f\\\/\",\"name\":\"\ud83c\udf99\ufe0f LA16 solidaire du secteur culturel charentais \ud83c\udf99\ufe0f | LA16.fr en Charente\",\"isPartOf\":{\"@id\":\"https:\\\/\\\/www.la16.fr\\\/fr\\\/#website\"},\"primaryImageOfPage\":{\"@id\":\"https:\\\/\\\/www.la16.fr\\\/fr\\\/%f0%9f%8e%99%ef%b8%8f-la16-solidaire-du-secteur-culturel-charentais-%f0%9f%8e%99%ef%b8%8f\\\/#primaryimage\"},\"image\":{\"@id\":\"https:\\\/\\\/www.la16.fr\\\/fr\\\/%f0%9f%8e%99%ef%b8%8f-la16-solidaire-du-secteur-culturel-charentais-%f0%9f%8e%99%ef%b8%8f\\\/#primaryimage\"},\"thumbnailUrl\":\"https:\\\/\\\/www.la16.fr\\\/fr\\\/wp-content\\\/uploads\\\/2025\\\/04\\\/491591637_1582067702734649_1242824588156615798_n.jpg\",\"datePublished\":\"2025-04-20T12:44:46+00:00\",\"breadcrumb\":{\"@id\":\"https:\\\/\\\/www.la16.fr\\\/fr\\\/%f0%9f%8e%99%ef%b8%8f-la16-solidaire-du-secteur-culturel-charentais-%f0%9f%8e%99%ef%b8%8f\\\/#breadcrumb\"},\"inLanguage\":\"fr-FR\",\"potentialAction\":[{\"@type\":\"ReadAction\",\"target\":[\"https:\\\/\\\/www.la16.fr\\\/fr\\\/%f0%9f%8e%99%ef%b8%8f-la16-solidaire-du-secteur-culturel-charentais-%f0%9f%8e%99%ef%b8%8f\\\/\"]}]},{\"@type\":\"ImageObject\",\"inLanguage\":\"fr-FR\",\"@id\":\"https:\\\/\\\/www.la16.fr\\\/fr\\\/%f0%9f%8e%99%ef%b8%8f-la16-solidaire-du-secteur-culturel-charentais-%f0%9f%8e%99%ef%b8%8f\\\/#primaryimage\",\"url\":\"https:\\\/\\\/www.la16.fr\\\/fr\\\/wp-content\\\/uploads\\\/2025\\\/04\\\/491591637_1582067702734649_1242824588156615798_n.jpg\",\"contentUrl\":\"https:\\\/\\\/www.la16.fr\\\/fr\\\/wp-content\\\/uploads\\\/2025\\\/04\\\/491591637_1582067702734649_1242824588156615798_n.jpg\",\"width\":1080,\"height\":1080},{\"@type\":\"BreadcrumbList\",\"@id\":\"https:\\\/\\\/www.la16.fr\\\/fr\\\/%f0%9f%8e%99%ef%b8%8f-la16-solidaire-du-secteur-culturel-charentais-%f0%9f%8e%99%ef%b8%8f\\\/#breadcrumb\",\"itemListElement\":[{\"@type\":\"ListItem\",\"position\":1,\"name\":\"Accueil\",\"item\":\"https:\\\/\\\/www.la16.fr\\\/fr\\\/\"},{\"@type\":\"ListItem\",\"position\":2,\"name\":\"\ud83c\udf99\ufe0f LA16 solidaire du secteur culturel charentais \ud83c\udf99\ufe0f\"}]},{\"@type\":\"WebSite\",\"@id\":\"https:\\\/\\\/www.la16.fr\\\/fr\\\/#website\",\"url\":\"https:\\\/\\\/www.la16.fr\\\/fr\\\/\",\"name\":\"LA16.fr en Charente\",\"description\":\"\",\"publisher\":{\"@id\":\"https:\\\/\\\/www.la16.fr\\\/fr\\\/#organization\"},\"potentialAction\":[{\"@type\":\"SearchAction\",\"target\":{\"@type\":\"EntryPoint\",\"urlTemplate\":\"https:\\\/\\\/www.la16.fr\\\/fr\\\/?s={search_term_string}\"},\"query-input\":{\"@type\":\"PropertyValueSpecification\",\"valueRequired\":true,\"valueName\":\"search_term_string\"}}],\"inLanguage\":\"fr-FR\"},{\"@type\":\"Organization\",\"@id\":\"https:\\\/\\\/www.la16.fr\\\/fr\\\/#organization\",\"name\":\"LA16\",\"url\":\"https:\\\/\\\/www.la16.fr\\\/fr\\\/\",\"logo\":{\"@type\":\"ImageObject\",\"inLanguage\":\"fr-FR\",\"@id\":\"https:\\\/\\\/www.la16.fr\\\/fr\\\/#\\\/schema\\\/logo\\\/image\\\/\",\"url\":\"https:\\\/\\\/www.la16.fr\\\/fr\\\/wp-content\\\/uploads\\\/2021\\\/08\\\/logo-2019-vectoriel-ok.png\",\"contentUrl\":\"https:\\\/\\\/www.la16.fr\\\/fr\\\/wp-content\\\/uploads\\\/2021\\\/08\\\/logo-2019-vectoriel-ok.png\",\"width\":500,\"height\":500,\"caption\":\"LA16\"},\"image\":{\"@id\":\"https:\\\/\\\/www.la16.fr\\\/fr\\\/#\\\/schema\\\/logo\\\/image\\\/\"},\"sameAs\":[\"https:\\\/\\\/www.facebook.com\\\/LA16fr\",\"https:\\\/\\\/x.com\\\/La16Fr\",\"https:\\\/\\\/www.instagram.com\\\/la16fr\\\/\",\"https:\\\/\\\/www.youtube.com\\\/channel\\\/UCdWiToB8k03CX56jPTUr07A\"]},{\"@type\":\"Person\",\"@id\":\"https:\\\/\\\/www.la16.fr\\\/fr\\\/#\\\/schema\\\/person\\\/a9a844cf12216c0f3cefdc5c9a6cafd3\",\"name\":\"la16\",\"image\":{\"@type\":\"ImageObject\",\"inLanguage\":\"fr-FR\",\"@id\":\"https:\\\/\\\/secure.gravatar.com\\\/avatar\\\/45af3705a493097fec492868ef28721a0aecc4472c6230a0a82658fdaa5fcd78?s=96&d=blank&r=g\",\"url\":\"https:\\\/\\\/secure.gravatar.com\\\/avatar\\\/45af3705a493097fec492868ef28721a0aecc4472c6230a0a82658fdaa5fcd78?s=96&d=blank&r=g\",\"contentUrl\":\"https:\\\/\\\/secure.gravatar.com\\\/avatar\\\/45af3705a493097fec492868ef28721a0aecc4472c6230a0a82658fdaa5fcd78?s=96&d=blank&r=g\",\"caption\":\"la16\"},\"url\":\"https:\\\/\\\/www.la16.fr\\\/fr\\\/author\\\/la16\\\/\"}]}<\/script>\n<!-- \/ Yoast SEO plugin. -->","yoast_head_json":{"title":"\ud83c\udf99\ufe0f LA16 solidaire du secteur culturel charentais \ud83c\udf99\ufe0f | LA16.fr en Charente","robots":{"index":"index","follow":"follow","max-snippet":"max-snippet:-1","max-image-preview":"max-image-preview:large","max-video-preview":"max-video-preview:-1"},"canonical":"https:\/\/www.la16.fr\/fr\/\ud83c\udf99\ufe0f-la16-solidaire-du-secteur-culturel-charentais-\ud83c\udf99\ufe0f\/","og_locale":"fr_FR","og_type":"article","og_title":"\ud83c\udf99\ufe0f LA16 solidaire du secteur culturel charentais \ud83c\udf99\ufe0f | LA16.fr en Charente","og_description":"Le 15 avril dernier, le Conseil D\u00e9partemental de la Charente n\u2019a pas vot\u00e9 son budget. Cette situation in\u00e9dite et pr\u00e9occupante plonge de nombreux acteurs culturels dans l\u2019incertitude. Festivals, lieux de diffusion, compagnies, associations\u2026 Tous s\u2019interrogent sur l\u2019avenir de leurs projets et sur la p\u00e9rennit\u00e9 de leurs financements. \u00c0 LA16, radio [...]","og_url":"https:\/\/www.la16.fr\/fr\/\ud83c\udf99\ufe0f-la16-solidaire-du-secteur-culturel-charentais-\ud83c\udf99\ufe0f\/","og_site_name":"LA16.fr en Charente","article_publisher":"https:\/\/www.facebook.com\/LA16fr","article_published_time":"2025-04-20T12:44:46+00:00","og_image":[{"width":1080,"height":1080,"url":"https:\/\/www.la16.fr\/fr\/wp-content\/uploads\/2025\/04\/491591637_1582067702734649_1242824588156615798_n.jpg","type":"image\/jpeg"}],"author":"la16","twitter_card":"summary_large_image","twitter_creator":"@La16Fr","twitter_site":"@La16Fr","twitter_misc":{"\u00c9crit par":"la16","Dur\u00e9e de lecture estim\u00e9e":"1 minute"},"schema":{"@context":"https:\/\/schema.org","@graph":[{"@type":"Article","@id":"https:\/\/www.la16.fr\/fr\/%f0%9f%8e%99%ef%b8%8f-la16-solidaire-du-secteur-culturel-charentais-%f0%9f%8e%99%ef%b8%8f\/#article","isPartOf":{"@id":"https:\/\/www.la16.fr\/fr\/%f0%9f%8e%99%ef%b8%8f-la16-solidaire-du-secteur-culturel-charentais-%f0%9f%8e%99%ef%b8%8f\/"},"author":{"name":"la16","@id":"https:\/\/www.la16.fr\/fr\/#\/schema\/person\/a9a844cf12216c0f3cefdc5c9a6cafd3"},"headline":"\ud83c\udf99\ufe0f LA16 solidaire du secteur culturel charentais \ud83c\udf99\ufe0f","datePublished":"2025-04-20T12:44:46+00:00","mainEntityOfPage":{"@id":"https:\/\/www.la16.fr\/fr\/%f0%9f%8e%99%ef%b8%8f-la16-solidaire-du-secteur-culturel-charentais-%f0%9f%8e%99%ef%b8%8f\/"},"wordCount":123,"publisher":{"@id":"https:\/\/www.la16.fr\/fr\/#organization"},"image":{"@id":"https:\/\/www.la16.fr\/fr\/%f0%9f%8e%99%ef%b8%8f-la16-solidaire-du-secteur-culturel-charentais-%f0%9f%8e%99%ef%b8%8f\/#primaryimage"},"thumbnailUrl":"https:\/\/www.la16.fr\/fr\/wp-content\/uploads\/2025\/04\/491591637_1582067702734649_1242824588156615798_n.jpg","articleSection":["Actu"],"inLanguage":"fr-FR"},{"@type":"WebPage","@id":"https:\/\/www.la16.fr\/fr\/%f0%9f%8e%99%ef%b8%8f-la16-solidaire-du-secteur-culturel-charentais-%f0%9f%8e%99%ef%b8%8f\/","url":"https:\/\/www.la16.fr\/fr\/%f0%9f%8e%99%ef%b8%8f-la16-solidaire-du-secteur-culturel-charentais-%f0%9f%8e%99%ef%b8%8f\/","name":"\ud83c\udf99\ufe0f LA16 solidaire du secteur culturel charentais \ud83c\udf99\ufe0f | LA16.fr en Charente","isPartOf":{"@id":"https:\/\/www.la16.fr\/fr\/#website"},"primaryImageOfPage":{"@id":"https:\/\/www.la16.fr\/fr\/%f0%9f%8e%99%ef%b8%8f-la16-solidaire-du-secteur-culturel-charentais-%f0%9f%8e%99%ef%b8%8f\/#primaryimage"},"image":{"@id":"https:\/\/www.la16.fr\/fr\/%f0%9f%8e%99%ef%b8%8f-la16-solidaire-du-secteur-culturel-charentais-%f0%9f%8e%99%ef%b8%8f\/#primaryimage"},"thumbnailUrl":"https:\/\/www.la16.fr\/fr\/wp-content\/uploads\/2025\/04\/491591637_1582067702734649_1242824588156615798_n.jpg","datePublished":"2025-04-20T12:44:46+00:00","breadcrumb":{"@id":"https:\/\/www.la16.fr\/fr\/%f0%9f%8e%99%ef%b8%8f-la16-solidaire-du-secteur-culturel-charentais-%f0%9f%8e%99%ef%b8%8f\/#breadcrumb"},"inLanguage":"fr-FR","potentialAction":[{"@type":"ReadAction","target":["https:\/\/www.la16.fr\/fr\/%f0%9f%8e%99%ef%b8%8f-la16-solidaire-du-secteur-culturel-charentais-%f0%9f%8e%99%ef%b8%8f\/"]}]},{"@type":"ImageObject","inLanguage":"fr-FR","@id":"https:\/\/www.la16.fr\/fr\/%f0%9f%8e%99%ef%b8%8f-la16-solidaire-du-secteur-culturel-charentais-%f0%9f%8e%99%ef%b8%8f\/#primaryimage","url":"https:\/\/www.la16.fr\/fr\/wp-content\/uploads\/2025\/04\/491591637_1582067702734649_1242824588156615798_n.jpg","contentUrl":"https:\/\/www.la16.fr\/fr\/wp-content\/uploads\/2025\/04\/491591637_1582067702734649_1242824588156615798_n.jpg","width":1080,"height":1080},{"@type":"BreadcrumbList","@id":"https:\/\/www.la16.fr\/fr\/%f0%9f%8e%99%ef%b8%8f-la16-solidaire-du-secteur-culturel-charentais-%f0%9f%8e%99%ef%b8%8f\/#breadcrumb","itemListElement":[{"@type":"ListItem","position":1,"name":"Accueil","item":"https:\/\/www.la16.fr\/fr\/"},{"@type":"ListItem","position":2,"name":"\ud83c\udf99\ufe0f LA16 solidaire du secteur culturel charentais \ud83c\udf99\ufe0f"}]},{"@type":"WebSite","@id":"https:\/\/www.la16.fr\/fr\/#website","url":"https:\/\/www.la16.fr\/fr\/","name":"LA16.fr en Charente","description":"","publisher":{"@id":"https:\/\/www.la16.fr\/fr\/#organization"},"potentialAction":[{"@type":"SearchAction","target":{"@type":"EntryPoint","urlTemplate":"https:\/\/www.la16.fr\/fr\/?s={search_term_string}"},"query-input":{"@type":"PropertyValueSpecification","valueRequired":true,"valueName":"search_term_string"}}],"inLanguage":"fr-FR"},{"@type":"Organization","@id":"https:\/\/www.la16.fr\/fr\/#organization","name":"LA16","url":"https:\/\/www.la16.fr\/fr\/","logo":{"@type":"ImageObject","inLanguage":"fr-FR","@id":"https:\/\/www.la16.fr\/fr\/#\/schema\/logo\/image\/","url":"https:\/\/www.la16.fr\/fr\/wp-content\/uploads\/2021\/08\/logo-2019-vectoriel-ok.png","contentUrl":"https:\/\/www.la16.fr\/fr\/wp-content\/uploads\/2021\/08\/logo-2019-vectoriel-ok.png","width":500,"height":500,"caption":"LA16"},"image":{"@id":"https:\/\/www.la16.fr\/fr\/#\/schema\/logo\/image\/"},"sameAs":["https:\/\/www.facebook.com\/LA16fr","https:\/\/x.com\/La16Fr","https:\/\/www.instagram.com\/la16fr\/","https:\/\/www.youtube.com\/channel\/UCdWiToB8k03CX56jPTUr07A"]},{"@type":"Person","@id":"https:\/\/www.la16.fr\/fr\/#\/schema\/person\/a9a844cf12216c0f3cefdc5c9a6cafd3","name":"la16","image":{"@type":"ImageObject","inLanguage":"fr-FR","@id":"https:\/\/secure.gravatar.com\/avatar\/45af3705a493097fec492868ef28721a0aecc4472c6230a0a82658fdaa5fcd78?s=96&d=blank&r=g","url":"https:\/\/secure.gravatar.com\/avatar\/45af3705a493097fec492868ef28721a0aecc4472c6230a0a82658fdaa5fcd78?s=96&d=blank&r=g","contentUrl":"https:\/\/secure.gravatar.com\/avatar\/45af3705a493097fec492868ef28721a0aecc4472c6230a0a82658fdaa5fcd78?s=96&d=blank&r=g","caption":"la16"},"url":"https:\/\/www.la16.fr\/fr\/author\/la16\/"}]}},"_links":{"self":[{"href":"https:\/\/www.la16.fr\/fr\/wp-json\/wp\/v2\/posts\/24371","targetHints":{"allow":["GET"]}}],"collection":[{"href":"https:\/\/www.la16.fr\/fr\/wp-json\/wp\/v2\/posts"}],"about":[{"href":"https:\/\/www.la16.fr\/fr\/wp-json\/wp\/v2\/types\/post"}],"author":[{"embeddable":true,"href":"https:\/\/www.la16.fr\/fr\/wp-json\/wp\/v2\/users\/1"}],"replies":[{"embeddable":true,"href":"https:\/\/www.la16.fr\/fr\/wp-json\/wp\/v2\/comments?post=24371"}],"version-history":[{"count":1,"href":"https:\/\/www.la16.fr\/fr\/wp-json\/wp\/v2\/posts\/24371\/revisions"}],"predecessor-version":[{"id":24373,"href":"https:\/\/www.la16.fr\/fr\/wp-json\/wp\/v2\/posts\/24371\/revisions\/24373"}],"wp:featuredmedia":[{"embeddable":true,"href":"https:\/\/www.la16.fr\/fr\/wp-json\/wp\/v2\/media\/24372"}],"wp:attachment":[{"href":"https:\/\/www.la16.fr\/fr\/wp-json\/wp\/v2\/media?parent=24371"}],"wp:term":[{"taxonomy":"category","embeddable":true,"href":"https:\/\/www.la16.fr\/fr\/wp-json\/wp\/v2\/categories?post=24371"},{"taxonomy":"post_tag","embeddable":true,"href":"https:\/\/www.la16.fr\/fr\/wp-json\/wp\/v2\/tags?post=24371"}],"curies":[{"name":"wp","href":"https:\/\/api.w.org\/{rel}","templated":true}]}}