{"id":24381,"date":"2025-04-21T11:04:19","date_gmt":"2025-04-21T09:04:19","guid":{"rendered":"https:\/\/www.la16.fr\/fr\/?p=24381"},"modified":"2025-04-21T12:06:29","modified_gmt":"2025-04-21T10:06:29","slug":"disparition-du-pape-francois-leglise-catholique-perd-une-figure-marquante-de-son-renouveau","status":"publish","type":"post","link":"https:\/\/www.la16.fr\/fr\/disparition-du-pape-francois-leglise-catholique-perd-une-figure-marquante-de-son-renouveau\/","title":{"rendered":"Disparition du pape Fran\u00e7ois : l&rsquo;\u00c9glise catholique perd une figure marquante de son renouveau"},"content":{"rendered":"<div id=\"modal-ready\"><p class=\"\" data-start=\"99\" data-end=\"399\"><em data-start=\"99\" data-end=\"399\"><img decoding=\"async\" class=\"size-medium wp-image-24382 alignleft\" src=\"https:\/\/www.la16.fr\/fr\/wp-content\/uploads\/2025\/04\/1934347-400x280.webp\" alt=\"\" width=\"400\" height=\"280\" srcset=\"https:\/\/www.la16.fr\/fr\/wp-content\/uploads\/2025\/04\/1934347-400x280.webp 400w, https:\/\/www.la16.fr\/fr\/wp-content\/uploads\/2025\/04\/1934347-768x538.webp 768w, https:\/\/www.la16.fr\/fr\/wp-content\/uploads\/2025\/04\/1934347.webp 836w\" sizes=\"(max-width: 400px) 100vw, 400px\" \/>Rome \u2013 Le pape Fran\u00e7ois, artisan infatigable de la modernisation de l\u2019\u00c9glise catholique, s\u2019est \u00e9teint ce lundi 21 avril 2025 \u00e0 l\u2019\u00e2ge de 88 ans. Sa disparition marque la fin d\u2019un pontificat hors norme, qui aura profond\u00e9ment boulevers\u00e9 les codes de l\u2019institution religieuse la plus ancienne du monde.<\/em><\/p>\n<p class=\"\" data-start=\"401\" data-end=\"750\">\u00c9lu en 2013, Jorge Mario Bergoglio, premier pape originaire d\u2019Am\u00e9rique latine, s\u2019\u00e9tait impos\u00e9 d\u00e8s ses premiers gestes comme une figure de rupture. Refusant les appartements pontificaux pour s\u2019installer dans une r\u00e9sidence plus modeste, parlant avec simplicit\u00e9 et proximit\u00e9, il s\u2019\u00e9tait rapidement attir\u00e9 la sympathie des fid\u00e8les comme du grand public.<\/p>\n<p class=\"\" data-start=\"752\" data-end=\"1283\">Pendant douze ans, le pape Fran\u00e7ois n\u2019a eu de cesse de rappeler l\u2019\u00c9glise \u00e0 sa vocation de service et de compassion. D\u00e9fenseur acharn\u00e9 des plus d\u00e9munis, il a mis en lumi\u00e8re les injustices \u00e9conomiques et sociales, plaid\u00e9 pour une \u00e9cologie int\u00e9grale, et engag\u00e9 l\u2019institution catholique sur des chemins d\u2019ouverture, souvent in\u00e9dits : dialogue interreligieux renforc\u00e9, accueil des personnes LGBT+, remise en question de certaines rigidit\u00e9s doctrinales, et volont\u00e9 de donner plus de place aux femmes dans les responsabilit\u00e9s eccl\u00e9siales.<\/p>\n<p class=\"\" data-start=\"1285\" data-end=\"1597\">Malgr\u00e9 une sant\u00e9 d\u00e9clinante ces derniers mois \u2013 il avait notamment \u00e9t\u00e9 hospitalis\u00e9 \u00e0 plusieurs reprises pour une infection respiratoire \u2013, Fran\u00e7ois a poursuivi ses engagements jusqu\u2019\u00e0 sa derni\u00e8re apparition publique, dimanche 20 avril, lors de la b\u00e9n\u00e9diction pascale \u00ab Urbi et Orbi \u00bb, qu\u2019il n\u2019a pu lire lui-m\u00eame.<\/p>\n<p class=\"\" data-start=\"1599\" data-end=\"1949\">Sa mort ouvre une p\u00e9riode de <em data-start=\"1628\" data-end=\"1642\">sede vacante<\/em>, au terme de laquelle un nouveau pape sera \u00e9lu par les 135 cardinaux \u00e9lecteurs r\u00e9unis \u00e0 Rome en conclave, entre le 6 et le 11 mai prochain. Dans l\u2019attente, le monde catholique pleure un homme de foi, de parole et d\u2019action, qui aura laiss\u00e9 une empreinte singuli\u00e8re dans l\u2019histoire de l\u2019\u00c9glise contemporaine.<\/p>\n<p class=\"\" data-start=\"1951\" data-end=\"2217\">Dans de nombreuses paroisses de la r\u00e9gion, les cloches ont sonn\u00e9 en hommage \u00e0 Fran\u00e7ois, et des veill\u00e9es de pri\u00e8re sont organis\u00e9es. \u00c0 Montbron, comme ailleurs, les fid\u00e8les saluent la m\u00e9moire d\u2019un pasteur \u00ab proche des gens, attentif au monde, et profond\u00e9ment humain \u00bb.<\/p>\n<\/div>","protected":false},"excerpt":{"rendered":"<p>Rome \u2013 Le pape Fran\u00e7ois, artisan infatigable de la modernisation de l\u2019\u00c9glise catholique, s\u2019est \u00e9teint ce lundi 21 avril 2025 \u00e0 l\u2019\u00e2ge de 88 ans. Sa disparition marque la fin d\u2019un pontificat hors norme, qui aura profond\u00e9ment boulevers\u00e9 les codes de l\u2019institution religieuse la plus ancienne du monde. \u00c9lu en ...<\/p>\n","protected":false},"author":1,"featured_media":24382,"comment_status":"closed","ping_status":"closed","sticky":false,"template":"","format":"standard","meta":{"footnotes":""},"categories":[154],"tags":[],"class_list":["post-24381","post","type-post","status-publish","format-standard","has-post-thumbnail","hentry","category-actu"],"yoast_head":"<!-- This site is optimized with the Yoast SEO plugin v27.5 - https:\/\/yoast.com\/product\/yoast-seo-wordpress\/ -->\n<title>Disparition du pape Fran\u00e7ois : l&#039;\u00c9glise catholique perd une figure marquante de son renouveau | LA16.fr en Charente<\/title>\n<meta name=\"robots\" content=\"index, follow, max-snippet:-1, max-image-preview:large, max-video-preview:-1\" \/>\n<link rel=\"canonical\" href=\"https:\/\/www.la16.fr\/fr\/disparition-du-pape-francois-leglise-catholique-perd-une-figure-marquante-de-son-renouveau\/\" \/>\n<meta property=\"og:locale\" content=\"fr_FR\" \/>\n<meta property=\"og:type\" content=\"article\" \/>\n<meta property=\"og:title\" content=\"Disparition du pape Fran\u00e7ois : l&#039;\u00c9glise catholique perd une figure marquante de son renouveau | LA16.fr en Charente\" \/>\n<meta property=\"og:description\" content=\"Rome \u2013 Le pape Fran\u00e7ois, artisan infatigable de la modernisation de l\u2019\u00c9glise catholique, s\u2019est \u00e9teint ce lundi 21 avril 2025 \u00e0 l\u2019\u00e2ge de 88 ans. Sa disparition marque la fin d\u2019un pontificat hors norme, qui aura profond\u00e9ment boulevers\u00e9 les codes de l\u2019institution religieuse la plus ancienne du monde. \u00c9lu en [...]\" \/>\n<meta property=\"og:url\" content=\"https:\/\/www.la16.fr\/fr\/disparition-du-pape-francois-leglise-catholique-perd-une-figure-marquante-de-son-renouveau\/\" \/>\n<meta property=\"og:site_name\" content=\"LA16.fr en Charente\" \/>\n<meta property=\"article:publisher\" content=\"https:\/\/www.facebook.com\/LA16fr\" \/>\n<meta property=\"article:published_time\" content=\"2025-04-21T09:04:19+00:00\" \/>\n<meta property=\"article:modified_time\" content=\"2025-04-21T10:06:29+00:00\" \/>\n<meta property=\"og:image\" content=\"https:\/\/www.la16.fr\/fr\/wp-content\/uploads\/2025\/04\/1934347.webp\" \/>\n\t<meta property=\"og:image:width\" content=\"836\" \/>\n\t<meta property=\"og:image:height\" content=\"586\" \/>\n\t<meta property=\"og:image:type\" content=\"image\/webp\" \/>\n<meta name=\"author\" content=\"la16\" \/>\n<meta name=\"twitter:card\" content=\"summary_large_image\" \/>\n<meta name=\"twitter:creator\" content=\"@La16Fr\" \/>\n<meta name=\"twitter:site\" content=\"@La16Fr\" \/>\n<meta name=\"twitter:label1\" content=\"\u00c9crit par\" \/>\n\t<meta name=\"twitter:data1\" content=\"la16\" \/>\n\t<meta name=\"twitter:label2\" content=\"Dur\u00e9e de lecture estim\u00e9e\" \/>\n\t<meta name=\"twitter:data2\" content=\"2 minutes\" \/>\n<script type=\"application\/ld+json\" class=\"yoast-schema-graph\">{\"@context\":\"https:\\\/\\\/schema.org\",\"@graph\":[{\"@type\":\"Article\",\"@id\":\"https:\\\/\\\/www.la16.fr\\\/fr\\\/disparition-du-pape-francois-leglise-catholique-perd-une-figure-marquante-de-son-renouveau\\\/#article\",\"isPartOf\":{\"@id\":\"https:\\\/\\\/www.la16.fr\\\/fr\\\/disparition-du-pape-francois-leglise-catholique-perd-une-figure-marquante-de-son-renouveau\\\/\"},\"author\":{\"name\":\"la16\",\"@id\":\"https:\\\/\\\/www.la16.fr\\\/fr\\\/#\\\/schema\\\/person\\\/a9a844cf12216c0f3cefdc5c9a6cafd3\"},\"headline\":\"Disparition du pape Fran\u00e7ois : l&rsquo;\u00c9glise catholique perd une figure marquante de son renouveau\",\"datePublished\":\"2025-04-21T09:04:19+00:00\",\"dateModified\":\"2025-04-21T10:06:29+00:00\",\"mainEntityOfPage\":{\"@id\":\"https:\\\/\\\/www.la16.fr\\\/fr\\\/disparition-du-pape-francois-leglise-catholique-perd-une-figure-marquante-de-son-renouveau\\\/\"},\"wordCount\":375,\"publisher\":{\"@id\":\"https:\\\/\\\/www.la16.fr\\\/fr\\\/#organization\"},\"image\":{\"@id\":\"https:\\\/\\\/www.la16.fr\\\/fr\\\/disparition-du-pape-francois-leglise-catholique-perd-une-figure-marquante-de-son-renouveau\\\/#primaryimage\"},\"thumbnailUrl\":\"https:\\\/\\\/www.la16.fr\\\/fr\\\/wp-content\\\/uploads\\\/2025\\\/04\\\/1934347.webp\",\"articleSection\":[\"Actu\"],\"inLanguage\":\"fr-FR\"},{\"@type\":\"WebPage\",\"@id\":\"https:\\\/\\\/www.la16.fr\\\/fr\\\/disparition-du-pape-francois-leglise-catholique-perd-une-figure-marquante-de-son-renouveau\\\/\",\"url\":\"https:\\\/\\\/www.la16.fr\\\/fr\\\/disparition-du-pape-francois-leglise-catholique-perd-une-figure-marquante-de-son-renouveau\\\/\",\"name\":\"Disparition du pape Fran\u00e7ois : l'\u00c9glise catholique perd une figure marquante de son renouveau | LA16.fr en Charente\",\"isPartOf\":{\"@id\":\"https:\\\/\\\/www.la16.fr\\\/fr\\\/#website\"},\"primaryImageOfPage\":{\"@id\":\"https:\\\/\\\/www.la16.fr\\\/fr\\\/disparition-du-pape-francois-leglise-catholique-perd-une-figure-marquante-de-son-renouveau\\\/#primaryimage\"},\"image\":{\"@id\":\"https:\\\/\\\/www.la16.fr\\\/fr\\\/disparition-du-pape-francois-leglise-catholique-perd-une-figure-marquante-de-son-renouveau\\\/#primaryimage\"},\"thumbnailUrl\":\"https:\\\/\\\/www.la16.fr\\\/fr\\\/wp-content\\\/uploads\\\/2025\\\/04\\\/1934347.webp\",\"datePublished\":\"2025-04-21T09:04:19+00:00\",\"dateModified\":\"2025-04-21T10:06:29+00:00\",\"breadcrumb\":{\"@id\":\"https:\\\/\\\/www.la16.fr\\\/fr\\\/disparition-du-pape-francois-leglise-catholique-perd-une-figure-marquante-de-son-renouveau\\\/#breadcrumb\"},\"inLanguage\":\"fr-FR\",\"potentialAction\":[{\"@type\":\"ReadAction\",\"target\":[\"https:\\\/\\\/www.la16.fr\\\/fr\\\/disparition-du-pape-francois-leglise-catholique-perd-une-figure-marquante-de-son-renouveau\\\/\"]}]},{\"@type\":\"ImageObject\",\"inLanguage\":\"fr-FR\",\"@id\":\"https:\\\/\\\/www.la16.fr\\\/fr\\\/disparition-du-pape-francois-leglise-catholique-perd-une-figure-marquante-de-son-renouveau\\\/#primaryimage\",\"url\":\"https:\\\/\\\/www.la16.fr\\\/fr\\\/wp-content\\\/uploads\\\/2025\\\/04\\\/1934347.webp\",\"contentUrl\":\"https:\\\/\\\/www.la16.fr\\\/fr\\\/wp-content\\\/uploads\\\/2025\\\/04\\\/1934347.webp\",\"width\":836,\"height\":586},{\"@type\":\"BreadcrumbList\",\"@id\":\"https:\\\/\\\/www.la16.fr\\\/fr\\\/disparition-du-pape-francois-leglise-catholique-perd-une-figure-marquante-de-son-renouveau\\\/#breadcrumb\",\"itemListElement\":[{\"@type\":\"ListItem\",\"position\":1,\"name\":\"Accueil\",\"item\":\"https:\\\/\\\/www.la16.fr\\\/fr\\\/\"},{\"@type\":\"ListItem\",\"position\":2,\"name\":\"Disparition du pape Fran\u00e7ois : l&rsquo;\u00c9glise catholique perd une figure marquante de son renouveau\"}]},{\"@type\":\"WebSite\",\"@id\":\"https:\\\/\\\/www.la16.fr\\\/fr\\\/#website\",\"url\":\"https:\\\/\\\/www.la16.fr\\\/fr\\\/\",\"name\":\"LA16.fr en Charente\",\"description\":\"\",\"publisher\":{\"@id\":\"https:\\\/\\\/www.la16.fr\\\/fr\\\/#organization\"},\"potentialAction\":[{\"@type\":\"SearchAction\",\"target\":{\"@type\":\"EntryPoint\",\"urlTemplate\":\"https:\\\/\\\/www.la16.fr\\\/fr\\\/?s={search_term_string}\"},\"query-input\":{\"@type\":\"PropertyValueSpecification\",\"valueRequired\":true,\"valueName\":\"search_term_string\"}}],\"inLanguage\":\"fr-FR\"},{\"@type\":\"Organization\",\"@id\":\"https:\\\/\\\/www.la16.fr\\\/fr\\\/#organization\",\"name\":\"LA16\",\"url\":\"https:\\\/\\\/www.la16.fr\\\/fr\\\/\",\"logo\":{\"@type\":\"ImageObject\",\"inLanguage\":\"fr-FR\",\"@id\":\"https:\\\/\\\/www.la16.fr\\\/fr\\\/#\\\/schema\\\/logo\\\/image\\\/\",\"url\":\"https:\\\/\\\/www.la16.fr\\\/fr\\\/wp-content\\\/uploads\\\/2021\\\/08\\\/logo-2019-vectoriel-ok.png\",\"contentUrl\":\"https:\\\/\\\/www.la16.fr\\\/fr\\\/wp-content\\\/uploads\\\/2021\\\/08\\\/logo-2019-vectoriel-ok.png\",\"width\":500,\"height\":500,\"caption\":\"LA16\"},\"image\":{\"@id\":\"https:\\\/\\\/www.la16.fr\\\/fr\\\/#\\\/schema\\\/logo\\\/image\\\/\"},\"sameAs\":[\"https:\\\/\\\/www.facebook.com\\\/LA16fr\",\"https:\\\/\\\/x.com\\\/La16Fr\",\"https:\\\/\\\/www.instagram.com\\\/la16fr\\\/\",\"https:\\\/\\\/www.youtube.com\\\/channel\\\/UCdWiToB8k03CX56jPTUr07A\"]},{\"@type\":\"Person\",\"@id\":\"https:\\\/\\\/www.la16.fr\\\/fr\\\/#\\\/schema\\\/person\\\/a9a844cf12216c0f3cefdc5c9a6cafd3\",\"name\":\"la16\",\"image\":{\"@type\":\"ImageObject\",\"inLanguage\":\"fr-FR\",\"@id\":\"https:\\\/\\\/secure.gravatar.com\\\/avatar\\\/45af3705a493097fec492868ef28721a0aecc4472c6230a0a82658fdaa5fcd78?s=96&d=blank&r=g\",\"url\":\"https:\\\/\\\/secure.gravatar.com\\\/avatar\\\/45af3705a493097fec492868ef28721a0aecc4472c6230a0a82658fdaa5fcd78?s=96&d=blank&r=g\",\"contentUrl\":\"https:\\\/\\\/secure.gravatar.com\\\/avatar\\\/45af3705a493097fec492868ef28721a0aecc4472c6230a0a82658fdaa5fcd78?s=96&d=blank&r=g\",\"caption\":\"la16\"},\"url\":\"https:\\\/\\\/www.la16.fr\\\/fr\\\/author\\\/la16\\\/\"}]}<\/script>\n<!-- \/ Yoast SEO plugin. -->","yoast_head_json":{"title":"Disparition du pape Fran\u00e7ois : l'\u00c9glise catholique perd une figure marquante de son renouveau | LA16.fr en Charente","robots":{"index":"index","follow":"follow","max-snippet":"max-snippet:-1","max-image-preview":"max-image-preview:large","max-video-preview":"max-video-preview:-1"},"canonical":"https:\/\/www.la16.fr\/fr\/disparition-du-pape-francois-leglise-catholique-perd-une-figure-marquante-de-son-renouveau\/","og_locale":"fr_FR","og_type":"article","og_title":"Disparition du pape Fran\u00e7ois : l'\u00c9glise catholique perd une figure marquante de son renouveau | LA16.fr en Charente","og_description":"Rome \u2013 Le pape Fran\u00e7ois, artisan infatigable de la modernisation de l\u2019\u00c9glise catholique, s\u2019est \u00e9teint ce lundi 21 avril 2025 \u00e0 l\u2019\u00e2ge de 88 ans. Sa disparition marque la fin d\u2019un pontificat hors norme, qui aura profond\u00e9ment boulevers\u00e9 les codes de l\u2019institution religieuse la plus ancienne du monde. \u00c9lu en [...]","og_url":"https:\/\/www.la16.fr\/fr\/disparition-du-pape-francois-leglise-catholique-perd-une-figure-marquante-de-son-renouveau\/","og_site_name":"LA16.fr en Charente","article_publisher":"https:\/\/www.facebook.com\/LA16fr","article_published_time":"2025-04-21T09:04:19+00:00","article_modified_time":"2025-04-21T10:06:29+00:00","og_image":[{"width":836,"height":586,"url":"https:\/\/www.la16.fr\/fr\/wp-content\/uploads\/2025\/04\/1934347.webp","type":"image\/webp"}],"author":"la16","twitter_card":"summary_large_image","twitter_creator":"@La16Fr","twitter_site":"@La16Fr","twitter_misc":{"\u00c9crit par":"la16","Dur\u00e9e de lecture estim\u00e9e":"2 minutes"},"schema":{"@context":"https:\/\/schema.org","@graph":[{"@type":"Article","@id":"https:\/\/www.la16.fr\/fr\/disparition-du-pape-francois-leglise-catholique-perd-une-figure-marquante-de-son-renouveau\/#article","isPartOf":{"@id":"https:\/\/www.la16.fr\/fr\/disparition-du-pape-francois-leglise-catholique-perd-une-figure-marquante-de-son-renouveau\/"},"author":{"name":"la16","@id":"https:\/\/www.la16.fr\/fr\/#\/schema\/person\/a9a844cf12216c0f3cefdc5c9a6cafd3"},"headline":"Disparition du pape Fran\u00e7ois : l&rsquo;\u00c9glise catholique perd une figure marquante de son renouveau","datePublished":"2025-04-21T09:04:19+00:00","dateModified":"2025-04-21T10:06:29+00:00","mainEntityOfPage":{"@id":"https:\/\/www.la16.fr\/fr\/disparition-du-pape-francois-leglise-catholique-perd-une-figure-marquante-de-son-renouveau\/"},"wordCount":375,"publisher":{"@id":"https:\/\/www.la16.fr\/fr\/#organization"},"image":{"@id":"https:\/\/www.la16.fr\/fr\/disparition-du-pape-francois-leglise-catholique-perd-une-figure-marquante-de-son-renouveau\/#primaryimage"},"thumbnailUrl":"https:\/\/www.la16.fr\/fr\/wp-content\/uploads\/2025\/04\/1934347.webp","articleSection":["Actu"],"inLanguage":"fr-FR"},{"@type":"WebPage","@id":"https:\/\/www.la16.fr\/fr\/disparition-du-pape-francois-leglise-catholique-perd-une-figure-marquante-de-son-renouveau\/","url":"https:\/\/www.la16.fr\/fr\/disparition-du-pape-francois-leglise-catholique-perd-une-figure-marquante-de-son-renouveau\/","name":"Disparition du pape Fran\u00e7ois : l'\u00c9glise catholique perd une figure marquante de son renouveau | LA16.fr en Charente","isPartOf":{"@id":"https:\/\/www.la16.fr\/fr\/#website"},"primaryImageOfPage":{"@id":"https:\/\/www.la16.fr\/fr\/disparition-du-pape-francois-leglise-catholique-perd-une-figure-marquante-de-son-renouveau\/#primaryimage"},"image":{"@id":"https:\/\/www.la16.fr\/fr\/disparition-du-pape-francois-leglise-catholique-perd-une-figure-marquante-de-son-renouveau\/#primaryimage"},"thumbnailUrl":"https:\/\/www.la16.fr\/fr\/wp-content\/uploads\/2025\/04\/1934347.webp","datePublished":"2025-04-21T09:04:19+00:00","dateModified":"2025-04-21T10:06:29+00:00","breadcrumb":{"@id":"https:\/\/www.la16.fr\/fr\/disparition-du-pape-francois-leglise-catholique-perd-une-figure-marquante-de-son-renouveau\/#breadcrumb"},"inLanguage":"fr-FR","potentialAction":[{"@type":"ReadAction","target":["https:\/\/www.la16.fr\/fr\/disparition-du-pape-francois-leglise-catholique-perd-une-figure-marquante-de-son-renouveau\/"]}]},{"@type":"ImageObject","inLanguage":"fr-FR","@id":"https:\/\/www.la16.fr\/fr\/disparition-du-pape-francois-leglise-catholique-perd-une-figure-marquante-de-son-renouveau\/#primaryimage","url":"https:\/\/www.la16.fr\/fr\/wp-content\/uploads\/2025\/04\/1934347.webp","contentUrl":"https:\/\/www.la16.fr\/fr\/wp-content\/uploads\/2025\/04\/1934347.webp","width":836,"height":586},{"@type":"BreadcrumbList","@id":"https:\/\/www.la16.fr\/fr\/disparition-du-pape-francois-leglise-catholique-perd-une-figure-marquante-de-son-renouveau\/#breadcrumb","itemListElement":[{"@type":"ListItem","position":1,"name":"Accueil","item":"https:\/\/www.la16.fr\/fr\/"},{"@type":"ListItem","position":2,"name":"Disparition du pape Fran\u00e7ois : l&rsquo;\u00c9glise catholique perd une figure marquante de son renouveau"}]},{"@type":"WebSite","@id":"https:\/\/www.la16.fr\/fr\/#website","url":"https:\/\/www.la16.fr\/fr\/","name":"LA16.fr en Charente","description":"","publisher":{"@id":"https:\/\/www.la16.fr\/fr\/#organization"},"potentialAction":[{"@type":"SearchAction","target":{"@type":"EntryPoint","urlTemplate":"https:\/\/www.la16.fr\/fr\/?s={search_term_string}"},"query-input":{"@type":"PropertyValueSpecification","valueRequired":true,"valueName":"search_term_string"}}],"inLanguage":"fr-FR"},{"@type":"Organization","@id":"https:\/\/www.la16.fr\/fr\/#organization","name":"LA16","url":"https:\/\/www.la16.fr\/fr\/","logo":{"@type":"ImageObject","inLanguage":"fr-FR","@id":"https:\/\/www.la16.fr\/fr\/#\/schema\/logo\/image\/","url":"https:\/\/www.la16.fr\/fr\/wp-content\/uploads\/2021\/08\/logo-2019-vectoriel-ok.png","contentUrl":"https:\/\/www.la16.fr\/fr\/wp-content\/uploads\/2021\/08\/logo-2019-vectoriel-ok.png","width":500,"height":500,"caption":"LA16"},"image":{"@id":"https:\/\/www.la16.fr\/fr\/#\/schema\/logo\/image\/"},"sameAs":["https:\/\/www.facebook.com\/LA16fr","https:\/\/x.com\/La16Fr","https:\/\/www.instagram.com\/la16fr\/","https:\/\/www.youtube.com\/channel\/UCdWiToB8k03CX56jPTUr07A"]},{"@type":"Person","@id":"https:\/\/www.la16.fr\/fr\/#\/schema\/person\/a9a844cf12216c0f3cefdc5c9a6cafd3","name":"la16","image":{"@type":"ImageObject","inLanguage":"fr-FR","@id":"https:\/\/secure.gravatar.com\/avatar\/45af3705a493097fec492868ef28721a0aecc4472c6230a0a82658fdaa5fcd78?s=96&d=blank&r=g","url":"https:\/\/secure.gravatar.com\/avatar\/45af3705a493097fec492868ef28721a0aecc4472c6230a0a82658fdaa5fcd78?s=96&d=blank&r=g","contentUrl":"https:\/\/secure.gravatar.com\/avatar\/45af3705a493097fec492868ef28721a0aecc4472c6230a0a82658fdaa5fcd78?s=96&d=blank&r=g","caption":"la16"},"url":"https:\/\/www.la16.fr\/fr\/author\/la16\/"}]}},"_links":{"self":[{"href":"https:\/\/www.la16.fr\/fr\/wp-json\/wp\/v2\/posts\/24381","targetHints":{"allow":["GET"]}}],"collection":[{"href":"https:\/\/www.la16.fr\/fr\/wp-json\/wp\/v2\/posts"}],"about":[{"href":"https:\/\/www.la16.fr\/fr\/wp-json\/wp\/v2\/types\/post"}],"author":[{"embeddable":true,"href":"https:\/\/www.la16.fr\/fr\/wp-json\/wp\/v2\/users\/1"}],"replies":[{"embeddable":true,"href":"https:\/\/www.la16.fr\/fr\/wp-json\/wp\/v2\/comments?post=24381"}],"version-history":[{"count":1,"href":"https:\/\/www.la16.fr\/fr\/wp-json\/wp\/v2\/posts\/24381\/revisions"}],"predecessor-version":[{"id":24383,"href":"https:\/\/www.la16.fr\/fr\/wp-json\/wp\/v2\/posts\/24381\/revisions\/24383"}],"wp:featuredmedia":[{"embeddable":true,"href":"https:\/\/www.la16.fr\/fr\/wp-json\/wp\/v2\/media\/24382"}],"wp:attachment":[{"href":"https:\/\/www.la16.fr\/fr\/wp-json\/wp\/v2\/media?parent=24381"}],"wp:term":[{"taxonomy":"category","embeddable":true,"href":"https:\/\/www.la16.fr\/fr\/wp-json\/wp\/v2\/categories?post=24381"},{"taxonomy":"post_tag","embeddable":true,"href":"https:\/\/www.la16.fr\/fr\/wp-json\/wp\/v2\/tags?post=24381"}],"curies":[{"name":"wp","href":"https:\/\/api.w.org\/{rel}","templated":true}]}}