{"id":24439,"date":"2025-05-19T18:45:36","date_gmt":"2025-05-19T16:45:36","guid":{"rendered":"https:\/\/www.la16.fr\/fr\/?p=24439"},"modified":"2025-05-19T18:45:36","modified_gmt":"2025-05-19T16:45:36","slug":"football-montbron-accede-a-la-d1-pour-ses-90-ans","status":"publish","type":"post","link":"https:\/\/www.la16.fr\/fr\/football-montbron-accede-a-la-d1-pour-ses-90-ans\/","title":{"rendered":"Football \u2013 Montbron acc\u00e8de \u00e0 la D1 pour ses 90 ans"},"content":{"rendered":"<div id=\"modal-ready\"><h1 class=\"\" data-start=\"75\" data-end=\"129\"><img decoding=\"async\" class=\"size-medium wp-image-24440 alignleft\" src=\"https:\/\/www.la16.fr\/fr\/wp-content\/uploads\/2025\/05\/usam-match-d1-400x300.png\" alt=\"\" width=\"400\" height=\"300\" srcset=\"https:\/\/www.la16.fr\/fr\/wp-content\/uploads\/2025\/05\/usam-match-d1-400x300.png 400w, https:\/\/www.la16.fr\/fr\/wp-content\/uploads\/2025\/05\/usam-match-d1-1200x900.png 1200w, https:\/\/www.la16.fr\/fr\/wp-content\/uploads\/2025\/05\/usam-match-d1-768x576.png 768w, https:\/\/www.la16.fr\/fr\/wp-content\/uploads\/2025\/05\/usam-match-d1-1536x1152.png 1536w, https:\/\/www.la16.fr\/fr\/wp-content\/uploads\/2025\/05\/usam-match-d1.png 2048w\" sizes=\"(max-width: 400px) 100vw, 400px\" \/>\ud83c\udf89 Montbron monte en D\u00e9partemental 1 pour ses 90 ans<\/h1>\n<h2 class=\"\" data-start=\"131\" data-end=\"243\">Une victoire 2-1 contre Ruffec (B) propulse l\u2019USAM dans l\u2019\u00e9lite d\u00e9partementale, dix ans apr\u00e8s sa mont\u00e9e en D2<\/h2>\n<p class=\"\" data-start=\"245\" data-end=\"635\">Il fallait un sc\u00e9nario \u00e9pique pour couronner une saison historique : les footballeurs de l\u2019USAM Montbron ont valid\u00e9 leur mont\u00e9e en D\u00e9partemental 1 ce dimanche, au terme d\u2019un match tendu contre la r\u00e9serve de Ruffec (2-1). Dix ans apr\u00e8s leur accession en D2 lors des 80 ans du club, les Montbronnais offriront \u00e0 leurs fid\u00e8les le plus beau des cadeaux d\u2019anniversaire pour les 90 ans de l\u2019USAM.<\/p>\n<h3 class=\"\" data-start=\"637\" data-end=\"676\">Un dernier match sous haute tension<\/h3>\n<p class=\"\" data-start=\"678\" data-end=\"1072\">Malgr\u00e9 une avance au classement avant cette ultime journ\u00e9e, la rencontre n\u2019aura pas \u00e9t\u00e9 de tout repos pour les hommes de Fabien Jahan. Verdille, concurrent direct pour la mont\u00e9e, menait \u00e0 Merpins, pla\u00e7ant une pression maximale sur les \u00e9paules montbronnaises. Face \u00e0 une \u00e9quipe ruff\u00e9coise s\u00e9rieuse et engag\u00e9e, Montbron a d\u00fb puiser dans ses ressources pour faire la diff\u00e9rence en seconde p\u00e9riode.<\/p>\n<p class=\"\" data-start=\"1074\" data-end=\"1378\">C\u2019est Benjamin Faure puis Dorian Desemery qui ont lib\u00e9r\u00e9 tout un stade Serge Morin, en marquant les deux buts synonymes de mont\u00e9e. \u00ab Ruffec nous a pos\u00e9 beaucoup de probl\u00e8mes, leur contenu a \u00e9t\u00e9 sup\u00e9rieur au n\u00f4tre. Mais ce qui a fait la diff\u00e9rence, c\u2019est l\u2019envie \u00bb, confie Fabien Jahan \u00e0 l\u2019issue du match.<\/p>\n<h3 class=\"\" data-start=\"1380\" data-end=\"1417\">Une pens\u00e9e pour ceux qui ont b\u00e2ti<\/h3>\n<p class=\"\" data-start=\"1419\" data-end=\"1779\">L\u2019\u00e9motion \u00e9tait palpable sur le bord de terrain. Car si cette mont\u00e9e est l\u2019aboutissement d\u2019une saison exigeante, le staff n\u2019oublie pas les fondations pos\u00e9es auparavant. \u00ab C\u2019est aussi celle de Pascal Laforge, qui est rest\u00e9 une dizaine d\u2019ann\u00e9es sur le banc. Il a insuffl\u00e9 de belles valeurs et une base solide sur laquelle on a pu construire \u00bb, rappelle le coach.<\/p>\n<p class=\"\" data-start=\"1781\" data-end=\"2092\">Verdille, de son c\u00f4t\u00e9, \u00e9choue \u00e0 la porte de la D1 avec 49 points. \u00ab On les f\u00e9licite pour leur saison. Cela aurait pu basculer d\u2019un c\u00f4t\u00e9 comme de l\u2019autre. De notre c\u00f4t\u00e9, on a su faire parler le collectif en arrachant des victoires pr\u00e9cieuses, comme face \u00e0 Ruelle (1-0) ou \u00e0 Champniers (2-3) \u00bb, souligne le staff.<\/p>\n<h3 class=\"\" data-start=\"2094\" data-end=\"2135\">Une mont\u00e9e d\u00e9di\u00e9e \u00e0 Guillaume Lycoine<\/h3>\n<p class=\"\" data-start=\"2137\" data-end=\"2508\">Absent des terrains en raison d\u2019une grave blessure au genou survenue il y a quelques semaines, Guillaume Lycoine, cadre du groupe, \u00e9tait tout de m\u00eame pr\u00e9sent sur le banc. Une pr\u00e9sence symbolique pour ses co\u00e9quipiers. \u00ab De par son aura et le poids qu\u2019il a dans le vestiaire, il a \u00e9norm\u00e9ment compt\u00e9. Cette mont\u00e9e, elle est aussi pour lui \u00bb, affirment les membres du groupe.<\/p>\n<p class=\"\" data-start=\"2510\" data-end=\"2700\">Le rendez-vous est donc pris pour la saison prochaine en D1, une premi\u00e8re pour ce club charentais qui souffle cette ann\u00e9e ses 90 bougies. Et Montbron compte bien f\u00eater cela comme il se doit.<\/p>\n<\/div>","protected":false},"excerpt":{"rendered":"<p>\ud83c\udf89 Montbron monte en D\u00e9partemental 1 pour ses 90 ans Une victoire 2-1 contre Ruffec (B) propulse l\u2019USAM dans l\u2019\u00e9lite d\u00e9partementale, dix ans apr\u00e8s sa mont\u00e9e en D2 Il fallait un sc\u00e9nario \u00e9pique pour couronner une saison historique : les footballeurs de l\u2019USAM Montbron ont valid\u00e9 leur mont\u00e9e en D\u00e9partemental ...<\/p>\n","protected":false},"author":1,"featured_media":24440,"comment_status":"closed","ping_status":"closed","sticky":false,"template":"","format":"standard","meta":{"footnotes":""},"categories":[154],"tags":[],"class_list":["post-24439","post","type-post","status-publish","format-standard","has-post-thumbnail","hentry","category-actu"],"yoast_head":"<!-- This site is optimized with the Yoast SEO plugin v27.4 - https:\/\/yoast.com\/product\/yoast-seo-wordpress\/ -->\n<title>Football \u2013 Montbron acc\u00e8de \u00e0 la D1 pour ses 90 ans | LA16.fr en Charente<\/title>\n<meta name=\"robots\" content=\"index, follow, max-snippet:-1, max-image-preview:large, max-video-preview:-1\" \/>\n<link rel=\"canonical\" href=\"https:\/\/www.la16.fr\/fr\/football-montbron-accede-a-la-d1-pour-ses-90-ans\/\" \/>\n<meta property=\"og:locale\" content=\"fr_FR\" \/>\n<meta property=\"og:type\" content=\"article\" \/>\n<meta property=\"og:title\" content=\"Football \u2013 Montbron acc\u00e8de \u00e0 la D1 pour ses 90 ans | LA16.fr en Charente\" \/>\n<meta property=\"og:description\" content=\"\ud83c\udf89 Montbron monte en D\u00e9partemental 1 pour ses 90 ans Une victoire 2-1 contre Ruffec (B) propulse l\u2019USAM dans l\u2019\u00e9lite d\u00e9partementale, dix ans apr\u00e8s sa mont\u00e9e en D2 Il fallait un sc\u00e9nario \u00e9pique pour couronner une saison historique : les footballeurs de l\u2019USAM Montbron ont valid\u00e9 leur mont\u00e9e en D\u00e9partemental [...]\" \/>\n<meta property=\"og:url\" content=\"https:\/\/www.la16.fr\/fr\/football-montbron-accede-a-la-d1-pour-ses-90-ans\/\" \/>\n<meta property=\"og:site_name\" content=\"LA16.fr en Charente\" \/>\n<meta property=\"article:publisher\" content=\"https:\/\/www.facebook.com\/LA16fr\" \/>\n<meta property=\"article:published_time\" content=\"2025-05-19T16:45:36+00:00\" \/>\n<meta property=\"og:image\" content=\"https:\/\/www.la16.fr\/fr\/wp-content\/uploads\/2025\/05\/usam-match-d1-1200x900.png\" \/>\n\t<meta property=\"og:image:width\" content=\"1200\" \/>\n\t<meta property=\"og:image:height\" content=\"900\" \/>\n\t<meta property=\"og:image:type\" content=\"image\/png\" \/>\n<meta name=\"author\" content=\"la16\" \/>\n<meta name=\"twitter:card\" content=\"summary_large_image\" \/>\n<meta name=\"twitter:creator\" content=\"@La16Fr\" \/>\n<meta name=\"twitter:site\" content=\"@La16Fr\" \/>\n<meta name=\"twitter:label1\" content=\"\u00c9crit par\" \/>\n\t<meta name=\"twitter:data1\" content=\"la16\" \/>\n\t<meta name=\"twitter:label2\" content=\"Dur\u00e9e de lecture estim\u00e9e\" \/>\n\t<meta name=\"twitter:data2\" content=\"2 minutes\" \/>\n<script type=\"application\/ld+json\" class=\"yoast-schema-graph\">{\"@context\":\"https:\\\/\\\/schema.org\",\"@graph\":[{\"@type\":\"Article\",\"@id\":\"https:\\\/\\\/www.la16.fr\\\/fr\\\/football-montbron-accede-a-la-d1-pour-ses-90-ans\\\/#article\",\"isPartOf\":{\"@id\":\"https:\\\/\\\/www.la16.fr\\\/fr\\\/football-montbron-accede-a-la-d1-pour-ses-90-ans\\\/\"},\"author\":{\"name\":\"la16\",\"@id\":\"https:\\\/\\\/www.la16.fr\\\/fr\\\/#\\\/schema\\\/person\\\/a9a844cf12216c0f3cefdc5c9a6cafd3\"},\"headline\":\"Football \u2013 Montbron acc\u00e8de \u00e0 la D1 pour ses 90 ans\",\"datePublished\":\"2025-05-19T16:45:36+00:00\",\"mainEntityOfPage\":{\"@id\":\"https:\\\/\\\/www.la16.fr\\\/fr\\\/football-montbron-accede-a-la-d1-pour-ses-90-ans\\\/\"},\"wordCount\":499,\"publisher\":{\"@id\":\"https:\\\/\\\/www.la16.fr\\\/fr\\\/#organization\"},\"image\":{\"@id\":\"https:\\\/\\\/www.la16.fr\\\/fr\\\/football-montbron-accede-a-la-d1-pour-ses-90-ans\\\/#primaryimage\"},\"thumbnailUrl\":\"https:\\\/\\\/www.la16.fr\\\/fr\\\/wp-content\\\/uploads\\\/2025\\\/05\\\/usam-match-d1.png\",\"articleSection\":[\"Actu\"],\"inLanguage\":\"fr-FR\"},{\"@type\":\"WebPage\",\"@id\":\"https:\\\/\\\/www.la16.fr\\\/fr\\\/football-montbron-accede-a-la-d1-pour-ses-90-ans\\\/\",\"url\":\"https:\\\/\\\/www.la16.fr\\\/fr\\\/football-montbron-accede-a-la-d1-pour-ses-90-ans\\\/\",\"name\":\"Football \u2013 Montbron acc\u00e8de \u00e0 la D1 pour ses 90 ans | LA16.fr en Charente\",\"isPartOf\":{\"@id\":\"https:\\\/\\\/www.la16.fr\\\/fr\\\/#website\"},\"primaryImageOfPage\":{\"@id\":\"https:\\\/\\\/www.la16.fr\\\/fr\\\/football-montbron-accede-a-la-d1-pour-ses-90-ans\\\/#primaryimage\"},\"image\":{\"@id\":\"https:\\\/\\\/www.la16.fr\\\/fr\\\/football-montbron-accede-a-la-d1-pour-ses-90-ans\\\/#primaryimage\"},\"thumbnailUrl\":\"https:\\\/\\\/www.la16.fr\\\/fr\\\/wp-content\\\/uploads\\\/2025\\\/05\\\/usam-match-d1.png\",\"datePublished\":\"2025-05-19T16:45:36+00:00\",\"breadcrumb\":{\"@id\":\"https:\\\/\\\/www.la16.fr\\\/fr\\\/football-montbron-accede-a-la-d1-pour-ses-90-ans\\\/#breadcrumb\"},\"inLanguage\":\"fr-FR\",\"potentialAction\":[{\"@type\":\"ReadAction\",\"target\":[\"https:\\\/\\\/www.la16.fr\\\/fr\\\/football-montbron-accede-a-la-d1-pour-ses-90-ans\\\/\"]}]},{\"@type\":\"ImageObject\",\"inLanguage\":\"fr-FR\",\"@id\":\"https:\\\/\\\/www.la16.fr\\\/fr\\\/football-montbron-accede-a-la-d1-pour-ses-90-ans\\\/#primaryimage\",\"url\":\"https:\\\/\\\/www.la16.fr\\\/fr\\\/wp-content\\\/uploads\\\/2025\\\/05\\\/usam-match-d1.png\",\"contentUrl\":\"https:\\\/\\\/www.la16.fr\\\/fr\\\/wp-content\\\/uploads\\\/2025\\\/05\\\/usam-match-d1.png\",\"width\":2048,\"height\":1536},{\"@type\":\"BreadcrumbList\",\"@id\":\"https:\\\/\\\/www.la16.fr\\\/fr\\\/football-montbron-accede-a-la-d1-pour-ses-90-ans\\\/#breadcrumb\",\"itemListElement\":[{\"@type\":\"ListItem\",\"position\":1,\"name\":\"Accueil\",\"item\":\"https:\\\/\\\/www.la16.fr\\\/fr\\\/\"},{\"@type\":\"ListItem\",\"position\":2,\"name\":\"Football \u2013 Montbron acc\u00e8de \u00e0 la D1 pour ses 90 ans\"}]},{\"@type\":\"WebSite\",\"@id\":\"https:\\\/\\\/www.la16.fr\\\/fr\\\/#website\",\"url\":\"https:\\\/\\\/www.la16.fr\\\/fr\\\/\",\"name\":\"LA16.fr en Charente\",\"description\":\"\",\"publisher\":{\"@id\":\"https:\\\/\\\/www.la16.fr\\\/fr\\\/#organization\"},\"potentialAction\":[{\"@type\":\"SearchAction\",\"target\":{\"@type\":\"EntryPoint\",\"urlTemplate\":\"https:\\\/\\\/www.la16.fr\\\/fr\\\/?s={search_term_string}\"},\"query-input\":{\"@type\":\"PropertyValueSpecification\",\"valueRequired\":true,\"valueName\":\"search_term_string\"}}],\"inLanguage\":\"fr-FR\"},{\"@type\":\"Organization\",\"@id\":\"https:\\\/\\\/www.la16.fr\\\/fr\\\/#organization\",\"name\":\"LA16\",\"url\":\"https:\\\/\\\/www.la16.fr\\\/fr\\\/\",\"logo\":{\"@type\":\"ImageObject\",\"inLanguage\":\"fr-FR\",\"@id\":\"https:\\\/\\\/www.la16.fr\\\/fr\\\/#\\\/schema\\\/logo\\\/image\\\/\",\"url\":\"https:\\\/\\\/www.la16.fr\\\/fr\\\/wp-content\\\/uploads\\\/2021\\\/08\\\/logo-2019-vectoriel-ok.png\",\"contentUrl\":\"https:\\\/\\\/www.la16.fr\\\/fr\\\/wp-content\\\/uploads\\\/2021\\\/08\\\/logo-2019-vectoriel-ok.png\",\"width\":500,\"height\":500,\"caption\":\"LA16\"},\"image\":{\"@id\":\"https:\\\/\\\/www.la16.fr\\\/fr\\\/#\\\/schema\\\/logo\\\/image\\\/\"},\"sameAs\":[\"https:\\\/\\\/www.facebook.com\\\/LA16fr\",\"https:\\\/\\\/x.com\\\/La16Fr\",\"https:\\\/\\\/www.instagram.com\\\/la16fr\\\/\",\"https:\\\/\\\/www.youtube.com\\\/channel\\\/UCdWiToB8k03CX56jPTUr07A\"]},{\"@type\":\"Person\",\"@id\":\"https:\\\/\\\/www.la16.fr\\\/fr\\\/#\\\/schema\\\/person\\\/a9a844cf12216c0f3cefdc5c9a6cafd3\",\"name\":\"la16\",\"image\":{\"@type\":\"ImageObject\",\"inLanguage\":\"fr-FR\",\"@id\":\"https:\\\/\\\/secure.gravatar.com\\\/avatar\\\/45af3705a493097fec492868ef28721a0aecc4472c6230a0a82658fdaa5fcd78?s=96&d=blank&r=g\",\"url\":\"https:\\\/\\\/secure.gravatar.com\\\/avatar\\\/45af3705a493097fec492868ef28721a0aecc4472c6230a0a82658fdaa5fcd78?s=96&d=blank&r=g\",\"contentUrl\":\"https:\\\/\\\/secure.gravatar.com\\\/avatar\\\/45af3705a493097fec492868ef28721a0aecc4472c6230a0a82658fdaa5fcd78?s=96&d=blank&r=g\",\"caption\":\"la16\"},\"url\":\"https:\\\/\\\/www.la16.fr\\\/fr\\\/author\\\/la16\\\/\"}]}<\/script>\n<!-- \/ Yoast SEO plugin. -->","yoast_head_json":{"title":"Football \u2013 Montbron acc\u00e8de \u00e0 la D1 pour ses 90 ans | LA16.fr en Charente","robots":{"index":"index","follow":"follow","max-snippet":"max-snippet:-1","max-image-preview":"max-image-preview:large","max-video-preview":"max-video-preview:-1"},"canonical":"https:\/\/www.la16.fr\/fr\/football-montbron-accede-a-la-d1-pour-ses-90-ans\/","og_locale":"fr_FR","og_type":"article","og_title":"Football \u2013 Montbron acc\u00e8de \u00e0 la D1 pour ses 90 ans | LA16.fr en Charente","og_description":"\ud83c\udf89 Montbron monte en D\u00e9partemental 1 pour ses 90 ans Une victoire 2-1 contre Ruffec (B) propulse l\u2019USAM dans l\u2019\u00e9lite d\u00e9partementale, dix ans apr\u00e8s sa mont\u00e9e en D2 Il fallait un sc\u00e9nario \u00e9pique pour couronner une saison historique : les footballeurs de l\u2019USAM Montbron ont valid\u00e9 leur mont\u00e9e en D\u00e9partemental [...]","og_url":"https:\/\/www.la16.fr\/fr\/football-montbron-accede-a-la-d1-pour-ses-90-ans\/","og_site_name":"LA16.fr en Charente","article_publisher":"https:\/\/www.facebook.com\/LA16fr","article_published_time":"2025-05-19T16:45:36+00:00","og_image":[{"width":1200,"height":900,"url":"https:\/\/www.la16.fr\/fr\/wp-content\/uploads\/2025\/05\/usam-match-d1-1200x900.png","type":"image\/png"}],"author":"la16","twitter_card":"summary_large_image","twitter_creator":"@La16Fr","twitter_site":"@La16Fr","twitter_misc":{"\u00c9crit par":"la16","Dur\u00e9e de lecture estim\u00e9e":"2 minutes"},"schema":{"@context":"https:\/\/schema.org","@graph":[{"@type":"Article","@id":"https:\/\/www.la16.fr\/fr\/football-montbron-accede-a-la-d1-pour-ses-90-ans\/#article","isPartOf":{"@id":"https:\/\/www.la16.fr\/fr\/football-montbron-accede-a-la-d1-pour-ses-90-ans\/"},"author":{"name":"la16","@id":"https:\/\/www.la16.fr\/fr\/#\/schema\/person\/a9a844cf12216c0f3cefdc5c9a6cafd3"},"headline":"Football \u2013 Montbron acc\u00e8de \u00e0 la D1 pour ses 90 ans","datePublished":"2025-05-19T16:45:36+00:00","mainEntityOfPage":{"@id":"https:\/\/www.la16.fr\/fr\/football-montbron-accede-a-la-d1-pour-ses-90-ans\/"},"wordCount":499,"publisher":{"@id":"https:\/\/www.la16.fr\/fr\/#organization"},"image":{"@id":"https:\/\/www.la16.fr\/fr\/football-montbron-accede-a-la-d1-pour-ses-90-ans\/#primaryimage"},"thumbnailUrl":"https:\/\/www.la16.fr\/fr\/wp-content\/uploads\/2025\/05\/usam-match-d1.png","articleSection":["Actu"],"inLanguage":"fr-FR"},{"@type":"WebPage","@id":"https:\/\/www.la16.fr\/fr\/football-montbron-accede-a-la-d1-pour-ses-90-ans\/","url":"https:\/\/www.la16.fr\/fr\/football-montbron-accede-a-la-d1-pour-ses-90-ans\/","name":"Football \u2013 Montbron acc\u00e8de \u00e0 la D1 pour ses 90 ans | LA16.fr en Charente","isPartOf":{"@id":"https:\/\/www.la16.fr\/fr\/#website"},"primaryImageOfPage":{"@id":"https:\/\/www.la16.fr\/fr\/football-montbron-accede-a-la-d1-pour-ses-90-ans\/#primaryimage"},"image":{"@id":"https:\/\/www.la16.fr\/fr\/football-montbron-accede-a-la-d1-pour-ses-90-ans\/#primaryimage"},"thumbnailUrl":"https:\/\/www.la16.fr\/fr\/wp-content\/uploads\/2025\/05\/usam-match-d1.png","datePublished":"2025-05-19T16:45:36+00:00","breadcrumb":{"@id":"https:\/\/www.la16.fr\/fr\/football-montbron-accede-a-la-d1-pour-ses-90-ans\/#breadcrumb"},"inLanguage":"fr-FR","potentialAction":[{"@type":"ReadAction","target":["https:\/\/www.la16.fr\/fr\/football-montbron-accede-a-la-d1-pour-ses-90-ans\/"]}]},{"@type":"ImageObject","inLanguage":"fr-FR","@id":"https:\/\/www.la16.fr\/fr\/football-montbron-accede-a-la-d1-pour-ses-90-ans\/#primaryimage","url":"https:\/\/www.la16.fr\/fr\/wp-content\/uploads\/2025\/05\/usam-match-d1.png","contentUrl":"https:\/\/www.la16.fr\/fr\/wp-content\/uploads\/2025\/05\/usam-match-d1.png","width":2048,"height":1536},{"@type":"BreadcrumbList","@id":"https:\/\/www.la16.fr\/fr\/football-montbron-accede-a-la-d1-pour-ses-90-ans\/#breadcrumb","itemListElement":[{"@type":"ListItem","position":1,"name":"Accueil","item":"https:\/\/www.la16.fr\/fr\/"},{"@type":"ListItem","position":2,"name":"Football \u2013 Montbron acc\u00e8de \u00e0 la D1 pour ses 90 ans"}]},{"@type":"WebSite","@id":"https:\/\/www.la16.fr\/fr\/#website","url":"https:\/\/www.la16.fr\/fr\/","name":"LA16.fr en Charente","description":"","publisher":{"@id":"https:\/\/www.la16.fr\/fr\/#organization"},"potentialAction":[{"@type":"SearchAction","target":{"@type":"EntryPoint","urlTemplate":"https:\/\/www.la16.fr\/fr\/?s={search_term_string}"},"query-input":{"@type":"PropertyValueSpecification","valueRequired":true,"valueName":"search_term_string"}}],"inLanguage":"fr-FR"},{"@type":"Organization","@id":"https:\/\/www.la16.fr\/fr\/#organization","name":"LA16","url":"https:\/\/www.la16.fr\/fr\/","logo":{"@type":"ImageObject","inLanguage":"fr-FR","@id":"https:\/\/www.la16.fr\/fr\/#\/schema\/logo\/image\/","url":"https:\/\/www.la16.fr\/fr\/wp-content\/uploads\/2021\/08\/logo-2019-vectoriel-ok.png","contentUrl":"https:\/\/www.la16.fr\/fr\/wp-content\/uploads\/2021\/08\/logo-2019-vectoriel-ok.png","width":500,"height":500,"caption":"LA16"},"image":{"@id":"https:\/\/www.la16.fr\/fr\/#\/schema\/logo\/image\/"},"sameAs":["https:\/\/www.facebook.com\/LA16fr","https:\/\/x.com\/La16Fr","https:\/\/www.instagram.com\/la16fr\/","https:\/\/www.youtube.com\/channel\/UCdWiToB8k03CX56jPTUr07A"]},{"@type":"Person","@id":"https:\/\/www.la16.fr\/fr\/#\/schema\/person\/a9a844cf12216c0f3cefdc5c9a6cafd3","name":"la16","image":{"@type":"ImageObject","inLanguage":"fr-FR","@id":"https:\/\/secure.gravatar.com\/avatar\/45af3705a493097fec492868ef28721a0aecc4472c6230a0a82658fdaa5fcd78?s=96&d=blank&r=g","url":"https:\/\/secure.gravatar.com\/avatar\/45af3705a493097fec492868ef28721a0aecc4472c6230a0a82658fdaa5fcd78?s=96&d=blank&r=g","contentUrl":"https:\/\/secure.gravatar.com\/avatar\/45af3705a493097fec492868ef28721a0aecc4472c6230a0a82658fdaa5fcd78?s=96&d=blank&r=g","caption":"la16"},"url":"https:\/\/www.la16.fr\/fr\/author\/la16\/"}]}},"_links":{"self":[{"href":"https:\/\/www.la16.fr\/fr\/wp-json\/wp\/v2\/posts\/24439","targetHints":{"allow":["GET"]}}],"collection":[{"href":"https:\/\/www.la16.fr\/fr\/wp-json\/wp\/v2\/posts"}],"about":[{"href":"https:\/\/www.la16.fr\/fr\/wp-json\/wp\/v2\/types\/post"}],"author":[{"embeddable":true,"href":"https:\/\/www.la16.fr\/fr\/wp-json\/wp\/v2\/users\/1"}],"replies":[{"embeddable":true,"href":"https:\/\/www.la16.fr\/fr\/wp-json\/wp\/v2\/comments?post=24439"}],"version-history":[{"count":1,"href":"https:\/\/www.la16.fr\/fr\/wp-json\/wp\/v2\/posts\/24439\/revisions"}],"predecessor-version":[{"id":24441,"href":"https:\/\/www.la16.fr\/fr\/wp-json\/wp\/v2\/posts\/24439\/revisions\/24441"}],"wp:featuredmedia":[{"embeddable":true,"href":"https:\/\/www.la16.fr\/fr\/wp-json\/wp\/v2\/media\/24440"}],"wp:attachment":[{"href":"https:\/\/www.la16.fr\/fr\/wp-json\/wp\/v2\/media?parent=24439"}],"wp:term":[{"taxonomy":"category","embeddable":true,"href":"https:\/\/www.la16.fr\/fr\/wp-json\/wp\/v2\/categories?post=24439"},{"taxonomy":"post_tag","embeddable":true,"href":"https:\/\/www.la16.fr\/fr\/wp-json\/wp\/v2\/tags?post=24439"}],"curies":[{"name":"wp","href":"https:\/\/api.w.org\/{rel}","templated":true}]}}